{"id":135851,"date":"2025-11-01T21:34:07","date_gmt":"2025-11-01T21:34:07","guid":{"rendered":"https:\/\/www.europesays.com\/pt\/135851\/"},"modified":"2025-11-01T21:34:07","modified_gmt":"2025-11-01T21:34:07","slug":"que-automoveis-vao-ter-de-pagar-o-iuc-em-fevereiro-de-2026","status":"publish","type":"post","link":"https:\/\/www.europesays.com\/pt\/135851\/","title":{"rendered":"Que autom\u00f3veis v\u00e3o ter de pagar o IUC em fevereiro de 2026?"},"content":{"rendered":"<p>Todos os autom\u00f3veis v\u00e3o ter de pagar o IUC (Imposto \u00danico de Circula\u00e7\u00e3o) em fevereiro de 2026. E isto aplica-se mesmo \u00e0queles que tenham paga o IUC de 2025 em novembro ou dezembro de 2025. <br \/>De facto, o governo introduziu uma altera\u00e7\u00e3o legislativa que altera a data de pagamento do IUC. Assim, o pagamento deixa de ter por refer\u00eancia o m\u00eas de matr\u00edcula e passa a ser o m\u00eas de fevereiro de cada ano.<\/p>\n<ol class=\"wp-block-list\">\n<li id=\"T1\"><strong><a href=\"#T1\">IUC em fevereiro para todos, mas alguns s\u00f3 pagam metade<\/a><\/strong><\/li>\n<li id=\"T2\"><strong><a href=\"#T2\">Evite esquecimentos e multas ativando o d\u00e9bito direto<\/a><\/strong><\/li>\n<li id=\"T3\"><strong><a href=\"#T3\">O IUC vai aumentar em 2026?<\/a><\/strong><\/li>\n<\/ol>\n<p>1. IUC em fevereiro para todos, mas alguns s\u00f3 pagam metade<\/p>\n<p>Como consequ\u00eancia, haver\u00e1 propriet\u00e1rios de viaturas que ir\u00e3o ter de pagar duas vezes o IUC no espa\u00e7o de poucos meses. No limite, quem tenha carro com matr\u00edcula de dezembro ir\u00e1 pagar duas vezes o IUC num per\u00edodo de dois meses. \u00c9 melhor preparar a carteira.<\/p>\n<p>A \u00fanica particularidade a esta obriga\u00e7\u00e3o prende-se com a possibilidade de efetuar o pagamento em duas presta\u00e7\u00f5es, uma em fevereiro e outra em outubro. Esta op\u00e7\u00e3o estar\u00e1 ao dispor de todos os propriet\u00e1rios cujo IUC devido em 2026 ultrapasse os \u20ac100. Poder\u00e3o pagar a totalidade at\u00e9 ao final de fevereiro ou poder\u00e1 dividir o pagamento ao meio: metade at\u00e9 ao final de fevereiro, metade at\u00e9 ao final de outubro.<\/p>\n<p>2. Evite esquecimentos e multas ativando o d\u00e9bito direto<\/p>\n<p>Recorde-se que j\u00e1 est\u00e1 dispon\u00edvel conceder \u00e0 Autoridade Tribut\u00e1ria a possibilidade de realizar d\u00e9bito direto em conta, evitando assim esquecimentos no pagamento e subsequentes multas por atraso. Mais detalhes no artigo \u201c<a href=\"https:\/\/economiafinancas.com\/2018\/como-funciona-o-debito-direto-das-financas\/\" target=\"_blank\" rel=\"noopener nofollow\"><strong>Como funciona o d\u00e9bito direto das Finan\u00e7as?<\/strong><\/a>\u201c.<\/p>\n<p>Se n\u00e3o subscrever o d\u00e9bito direto, n\u00e3o se esque\u00e7a de, durante o m\u00eas de fevereiro de 206, visitar o Portal das Finan\u00e7as para emitir a nota de pagamento e as respetivas refer\u00eancias para proceder \u00e0 liquida\u00e7\u00e3o do imposto. Evite deixar para os \u00faltimos dias do m\u00eas, afinal de contas ser\u00e3o milh\u00f5es de propriet\u00e1rios a ter de fazer exatamente o mesmo no per\u00edodo de 28 dias.<\/p>\n<p>3. O IUC vai aumentar em 2026?<\/p>\n<p>\u00c0 data em que escrevemos este artigo (1 de novembro de 2025) n\u00e3o havia nenhuma indica\u00e7\u00e3o de altera\u00e7\u00e3o das tabelas de IUC para 2026, o que n\u00e3o quer dizer que at\u00e9 ao final do ano de 2025 o governo n\u00e3o introduza altera\u00e7\u00f5es. A existirem estas deixaram de constar da proposta de Or\u00e7amento do Estado para 2026, contudo, haver\u00e1 aumentos no IUC a pagar em 2026.<\/p>\n<p>Na realidade, j\u00e1 est\u00e1 em vigor uma lei que determina agravamento do IUC a partir de 2026 para v\u00e1rios ve\u00edculos, entrando em vigor penaliza\u00e7\u00f5es por emiss\u00e3o de part\u00edculas que passam a abranger viaturas at\u00e9 aqui isentas (por exemplo, viaturas com primeira matr\u00edcula anterior a julho de 2007, independentemente do pa\u00eds dessa primeira matr\u00edcula). Apesar do aumento ser, em muitos casos, significativo e j\u00e1 estar determinado, est\u00e1 tamb\u00e9m determinado que no primeiro ano desta nova lei (<a href=\"https:\/\/info.portaldasfinancas.gov.pt\/pt\/informacao_fiscal\/codigos_tributarios\/iuc\/pages\/codigo-do-iuc-indice.aspx\" target=\"_blank\" rel=\"noopener nofollow\"><strong>nova vers\u00e3o do c\u00f3digo do IUC<\/strong><\/a>), s\u00f3 ser\u00e1 cobrado 25% desse valor, devendo essa percentagem aumentar progressivamente nos anos seguintes at\u00e9 atingir 100%.<\/p>\n<p>Com a entrada em vigor deste regime a isen\u00e7\u00e3o por emiss\u00f5es passa a s\u00f3 abranger ve\u00edculos com matr\u00edculas anteriores a 1981.<\/p>\n<p>Os ve\u00edculos 100% el\u00e9tricos continuar\u00e3o isentos e os h\u00edbridos plug in continuar\u00e3o a ter uma isen\u00e7\u00e3o de 75%.<\/p>\n","protected":false},"excerpt":{"rendered":"Todos os autom\u00f3veis v\u00e3o ter de pagar o IUC (Imposto \u00danico de Circula\u00e7\u00e3o) em fevereiro de 2026. E&hellip;\n","protected":false},"author":2,"featured_media":135852,"comment_status":"","ping_status":"","sticky":false,"template":"","format":"standard","meta":{"footnotes":""},"categories":[83],"tags":[88,89,90,14256,30521,32,33],"class_list":{"0":"post-135851","1":"post","2":"type-post","3":"status-publish","4":"format-standard","5":"has-post-thumbnail","7":"category-empresas","8":"tag-business","9":"tag-economy","10":"tag-empresas","11":"tag-iuc","12":"tag-iuc-2026","13":"tag-portugal","14":"tag-pt"},"share_on_mastodon":{"url":"https:\/\/pubeurope.com\/@pt\/115476592230309628","error":""},"_links":{"self":[{"href":"https:\/\/www.europesays.com\/pt\/wp-json\/wp\/v2\/posts\/135851","targetHints":{"allow":["GET"]}}],"collection":[{"href":"https:\/\/www.europesays.com\/pt\/wp-json\/wp\/v2\/posts"}],"about":[{"href":"https:\/\/www.europesays.com\/pt\/wp-json\/wp\/v2\/types\/post"}],"author":[{"embeddable":true,"href":"https:\/\/www.europesays.com\/pt\/wp-json\/wp\/v2\/users\/2"}],"replies":[{"embeddable":true,"href":"https:\/\/www.europesays.com\/pt\/wp-json\/wp\/v2\/comments?post=135851"}],"version-history":[{"count":0,"href":"https:\/\/www.europesays.com\/pt\/wp-json\/wp\/v2\/posts\/135851\/revisions"}],"wp:featuredmedia":[{"embeddable":true,"href":"https:\/\/www.europesays.com\/pt\/wp-json\/wp\/v2\/media\/135852"}],"wp:attachment":[{"href":"https:\/\/www.europesays.com\/pt\/wp-json\/wp\/v2\/media?parent=135851"}],"wp:term":[{"taxonomy":"category","embeddable":true,"href":"https:\/\/www.europesays.com\/pt\/wp-json\/wp\/v2\/categories?post=135851"},{"taxonomy":"post_tag","embeddable":true,"href":"https:\/\/www.europesays.com\/pt\/wp-json\/wp\/v2\/tags?post=135851"}],"curies":[{"name":"wp","href":"https:\/\/api.w.org\/{rel}","templated":true}]}}