{"id":135857,"date":"2025-11-01T21:38:10","date_gmt":"2025-11-01T21:38:10","guid":{"rendered":"https:\/\/www.europesays.com\/pt\/135857\/"},"modified":"2025-11-01T21:38:10","modified_gmt":"2025-11-01T21:38:10","slug":"entenda-como-sera-a-vida-de-andrew-como-cidadao-comum-noticias-r7","status":"publish","type":"post","link":"https:\/\/www.europesays.com\/pt\/135857\/","title":{"rendered":"entenda como ser\u00e1 a vida de Andrew como cidad\u00e3o comum \u2013 Noticias R7"},"content":{"rendered":"<p>LEIA AQUI O RESUMO DA NOT\u00cdCIA<\/p>\n<ul class=\"b-article-body-custom-embed-brief-news__list\" style=\"margin: 0; padding-left: 20px; list-style-type: disc;\">\n<li>Fam\u00edlia real brit\u00e2nica retira t\u00edtulo de pr\u00edncipe de Andrew devido a esc\u00e2ndalos sexuais.<\/li>\n<li>Andrew agora \u00e9 um cidad\u00e3o comum e deve ser chamado de Andrew Mountbatten-Windsor.<\/li>\n<li>Ele receber\u00e1 pagamento inicial e quantia anual do rei Charles 3\u00ba para transi\u00e7\u00e3o de vida.<\/li>\n<li>Filhas de Andrew mant\u00eam t\u00edtulos de princesas e ele permanece na linha de sucess\u00e3o ao trono.<\/li>\n<\/ul>\n<p style=\"font-size: 0.8em; font-style: italic; text-align: right; margin-top: 15px; padding-bottom: 5px; margin-bottom: 0;\">Produzido pela Ri7a &#8211; a Intelig\u00eancia Artificial do R7<\/p>\n<p><img decoding=\"async\" data-chromatic=\"ignore\" alt=\"\" class=\"c-image\" loading=\"lazy\" src=\"https:\/\/www.europesays.com\/pt\/wp-content\/uploads\/2025\/11\/MNFQP4TKWRDHFMW2MLDM2J4Y3Y.png\"  width=\"1447\" height=\"813\"\/>Pr\u00edncipe passa a ser chamado de Andrew Mountbatten-Windsor Reprodu\u00e7\u00e3o\/JR 24H <\/p>\n<p class=\"jarvics:base-text-neutral-high-400 base-text-[calc(theme(fontSize.xs)_*_var(--font-size,_1))] base-font-normal base-font-primary base-text-neutral-low-500 base-text-left\">A <a href=\"https:\/\/noticias.r7.com\/internacional\/familia-real\/\" target=\"_self\" rel=\"nofollow noopener\" title=\"https:\/\/noticias.r7.com\/internacional\/familia-real\/\">fam\u00edlia real brit\u00e2nica<\/a> anunciou na quinta-feira (30) a retirada do t\u00edtulo de pr\u00edncipe de Andrew, envolvido em esc\u00e2ndalos sexuais e parceria com Jeffrey Epstein. Com a decis\u00e3o, o irm\u00e3o do <a href=\"https:\/\/www.r7.com\/tudo-sobre\/rei-charles-iii\/\" target=\"_self\" rel=\"nofollow noopener\" title=\"https:\/\/www.r7.com\/tudo-sobre\/rei-charles-iii\/\">rei Charles 3\u00ba<\/a> agora \u00e9 um cidad\u00e3o comum e passa a ser chamado de Andrew Mountbatten-Windsor.<\/p>\n<p class=\"jarvics:base-text-neutral-high-400 base-text-[calc(theme(fontSize.xs)_*_var(--font-size,_1))] base-font-normal base-font-primary base-text-neutral-low-500 base-text-left\">O monarca ordenou que Andrew deixasse a mans\u00e3o Royal Lodge, no complexo de Windsor, <a href=\"https:\/\/noticias.r7.com\/internacional\/reino-unido\/\" target=\"_self\" rel=\"nofollow noopener\" title=\"https:\/\/noticias.r7.com\/internacional\/reino-unido\/\">na Inglaterra<\/a>. Mesmo assim, segundo informa\u00e7\u00f5es do jornal The Guardian, o ex-pr\u00edncipe deve receber um pagamento \u00fanico e uma quantia anual para ajudar na transi\u00e7\u00e3o de sua vida real para a vida comum.<\/p>\n<p class=\"jarvics:base-text-neutral-high-400 base-text-[calc(theme(fontSize.xs)_*_var(--font-size,_1))] base-font-normal base-font-primary base-text-neutral-low-500 base-text-left\">De acordo com o jornal, Andrew deve receber um valor inicial de seis d\u00edgitos para cobrir a mudan\u00e7a da resid\u00eancia real em Windsor para uma casa privada em Sandringham. Depois, ele receber\u00e1 uma quantia fixa anual, paga com recursos privados do rei Charles 3\u00ba. A ideia \u00e9 oferecer suporte financeiro para que ele consiga manter um padr\u00e3o de vida est\u00e1vel. <\/p>\n<p class=\"jarvics:base-text-neutral-high-400 base-text-[calc(theme(fontSize.xs)_*_var(--font-size,_1))] base-font-normal base-font-primary base-text-neutral-low-500 base-text-left\">Embora tenha sido destitu\u00eddo de seus t\u00edtulos e removido da lista oficial da nobreza, Andrew ainda ocupa a oitava posi\u00e7\u00e3o da linha de sucess\u00e3o ao trono, atr\u00e1s dos sobrinhos William e Harry e dos filhos deles. A legisla\u00e7\u00e3o brit\u00e2nica defende que condutas pessoais, esc\u00e2ndalos ou processos n\u00e3o s\u00e3o motivos legais para exclus\u00e3o da hierarquia dos herdeiros.<\/p>\n<p class=\"jarvics:base-text-neutral-high-400 base-text-[calc(theme(fontSize.xs)_*_var(--font-size,_1))] base-font-normal base-font-primary base-text-neutral-low-500 base-text-left\">Suas filhas, Beatrice, de 37 anos, e Eugenie, de 35, poder\u00e3o manter os t\u00edtulos de princesas, apesar de n\u00e3o exercerem fun\u00e7\u00f5es reais. J\u00e1 sua ex-esposa, Sarah Ferguson, que tamb\u00e9m vive no Royal Lodge, dever\u00e1 deixar a resid\u00eancia real.<\/p>\n<p class=\"jarvics:base-text-neutral-high-400 base-text-[calc(theme(fontSize.xs)_*_var(--font-size,_1))] base-font-normal base-font-primary base-text-neutral-low-500 base-text-left\">Filho de Elizabeth 2\u00aa, o ex-pr\u00edncipe foi acusado de abuso sexual por Virginia Giuffre, v\u00edtima do esquema de explora\u00e7\u00e3o sexual liderado por Jeffrey Epstein. Giuffre afirmou que foi for\u00e7ada a ter rela\u00e7\u00f5es sexuais com Andrew quando ela tinha 17 anos. O processo civil, movido pela mulher nos Estados Unidos, foi encerrado em 2022 ap\u00f3s um acordo financeiro.<\/p>\n<p class=\"jarvics:base-text-neutral-high-400 base-text-[calc(theme(fontSize.xs)_*_var(--font-size,_1))] base-font-normal base-font-primary base-text-neutral-low-500 base-text-left\">Giuffre foi encontrada morta em abril deste ano e suas mem\u00f3rias foram publicadas no livro Garota de Ningu\u00e9m: Mem\u00f3rias de Sobreviv\u00eancia ao Abuso e Luta pela Justi\u00e7a, no qual ela menciona Andrew e cita detalhes dos abusos. Apesar dos esc\u00e2ndalos, o irm\u00e3o do rei Charles 3\u00ba nega as acusa\u00e7\u00f5es.<\/p>\n<p><video controls=\"\" class=\"video-js\" preload=\"metadata\" poster=\"https:\/\/d22yf0mxeu0gma.cloudfront.net\/10-31-2025\/t_44e609ee3fd04117be4a3681150a3e90_name_ZWJ2T5CEW5HI5E2RW6YAXZD2VA.jpeg\" title=\"Rei Charles III remove t&#xED;tulo de pr&#xED;ncipe e todas as honrarias reais do irm&#xE3;o Andrew\" data-sprite-url=\"\" data-metadata=\"{&quot;title&quot;:&quot;Rei Charles III remove t&#xED;tulo de pr&#xED;ncipe e todas as honrarias reais do irm&#xE3;o Andrew&quot;,&quot;sectionName&quot;:&quot;R7&quot;,&quot;mainSection&quot;:&quot;Internacional&quot;,&quot;subSection&quot;:&quot;&quot;,&quot;views&quot;:&quot;&quot;,&quot;disableAdv&quot;:&quot;false&quot;,&quot;createdDate&quot;:&quot;2025-10-31T10:50:09Z&quot;,&quot;mainSectionUrl&quot;:&quot;https:\/\/entretenimento.r7.com\/bang-showbiz\/video\/rei-charles-iii-remove-titulo-de-principe-e-todas-as-honrarias-reais-do-irmao-andrew-31102025\/&quot;,&quot;sectionPath&quot;:&quot;https:\/\/entretenimento.r7.com\/bang-showbiz&quot;,&quot;ageRating&quot;:&quot;&quot;,&quot;ageRatingDescription&quot;:&quot;&quot;,&quot;duration&quot;:143806,&quot;playerUrl&quot;:&quot;https:\/\/entretenimento.r7.com\/player\/a84d9c9d-155d-4edb-a3cd-e034dbc65764\/&quot;}\" data-player-params=\"{&quot;p&quot;:&quot;true&quot;,&quot;autoPlay&quot;:&quot;false&quot;,&quot;logo&quot;:&quot;true&quot;,&quot;playlistId&quot;:&quot;false&quot;,&quot;calhau&quot;:&quot;false&quot;,&quot;share&quot;:&quot;true&quot;,&quot;sz&quot;:&quot;false&quot;,&quot;full&quot;:&quot;true&quot;,&quot;customAdHash&quot;:&quot;\/7542\/r7noticias\/internacional&quot;,&quot;referrerUrl&quot;:&quot;&quot;,&quot;externalLinks&quot;:&quot;true&quot;,&quot;debug&quot;:&quot;false&quot;,&quot;debugHash&quot;:&quot;false&quot;,&quot;debugRelated&quot;:&quot;false&quot;,&quot;timerRelated&quot;:&quot;true&quot;,&quot;logoRecord&quot;:&quot;false&quot;,&quot;contextModal&quot;:&quot;false&quot;,&quot;parentUrl&quot;:&quot;https:\/\/record.r7.com\/&quot;,&quot;t&quot;:&quot;0&quot;,&quot;noTitle&quot;:false,&quot;endBehavior&quot;:&quot;default&quot;}\" data-related-videos=\"\" data-player-url=\"https:\/\/entretenimento.r7.com\/player\/a84d9c9d-155d-4edb-a3cd-e034dbc65764\/\" data-arc-video=\"\" data-arc-id=\"a84d9c9d-155d-4edb-a3cd-e034dbc65764\" data-short=\"false\" style=\"visibility:hidden\"><\/video><\/p>\n<p class=\"jarvics:base-text-neutral-high-400 base-text-[calc(theme(fontSize.xs)_*_var(--font-size,_1))] base-font-normal base-font-primary base-text-neutral-low-500 base-text-left\"><b>Fique por dentro das principais not\u00edcias do dia no Brasil e no mundo. <\/b><a href=\"https:\/\/whatsapp.com\/channel\/0029Va6eEELGZNCyryabmO1m\" rel=\"nofollow noopener\" target=\"_blank\"><b>Siga o canal do R7<\/b><\/a><b>, o portal de not\u00edcias da Record, no WhatsApp<\/b><\/p>\n","protected":false},"excerpt":{"rendered":"LEIA AQUI O RESUMO DA NOT\u00cdCIA Fam\u00edlia real brit\u00e2nica retira t\u00edtulo de pr\u00edncipe de Andrew devido a esc\u00e2ndalos&hellip;\n","protected":false},"author":2,"featured_media":135858,"comment_status":"","ping_status":"","sticky":false,"template":"","format":"standard","meta":{"footnotes":""},"categories":[145],"tags":[211,210,114,115,32,33,20009,713,3482],"class_list":{"0":"post-135857","1":"post","2":"type-post","3":"status-publish","4":"format-standard","5":"has-post-thumbnail","7":"category-celebridades","8":"tag-celebridades","9":"tag-celebrities","10":"tag-entertainment","11":"tag-entretenimento","12":"tag-portugal","13":"tag-pt","14":"tag-rei-charles-iii","15":"tag-reino-unido","16":"tag-violencia-sexual"},"share_on_mastodon":{"url":"https:\/\/pubeurope.com\/@pt\/115476608327927345","error":""},"_links":{"self":[{"href":"https:\/\/www.europesays.com\/pt\/wp-json\/wp\/v2\/posts\/135857","targetHints":{"allow":["GET"]}}],"collection":[{"href":"https:\/\/www.europesays.com\/pt\/wp-json\/wp\/v2\/posts"}],"about":[{"href":"https:\/\/www.europesays.com\/pt\/wp-json\/wp\/v2\/types\/post"}],"author":[{"embeddable":true,"href":"https:\/\/www.europesays.com\/pt\/wp-json\/wp\/v2\/users\/2"}],"replies":[{"embeddable":true,"href":"https:\/\/www.europesays.com\/pt\/wp-json\/wp\/v2\/comments?post=135857"}],"version-history":[{"count":0,"href":"https:\/\/www.europesays.com\/pt\/wp-json\/wp\/v2\/posts\/135857\/revisions"}],"wp:featuredmedia":[{"embeddable":true,"href":"https:\/\/www.europesays.com\/pt\/wp-json\/wp\/v2\/media\/135858"}],"wp:attachment":[{"href":"https:\/\/www.europesays.com\/pt\/wp-json\/wp\/v2\/media?parent=135857"}],"wp:term":[{"taxonomy":"category","embeddable":true,"href":"https:\/\/www.europesays.com\/pt\/wp-json\/wp\/v2\/categories?post=135857"},{"taxonomy":"post_tag","embeddable":true,"href":"https:\/\/www.europesays.com\/pt\/wp-json\/wp\/v2\/tags?post=135857"}],"curies":[{"name":"wp","href":"https:\/\/api.w.org\/{rel}","templated":true}]}}