{"id":135859,"date":"2025-11-01T21:39:19","date_gmt":"2025-11-01T21:39:19","guid":{"rendered":"https:\/\/www.europesays.com\/pt\/135859\/"},"modified":"2025-11-01T21:39:19","modified_gmt":"2025-11-01T21:39:19","slug":"fotografo-capta-primeira-imagem-de-sempre-de-um-lince-iberico-branco-nao-podia-acreditar","status":"publish","type":"post","link":"https:\/\/www.europesays.com\/pt\/135859\/","title":{"rendered":"Fot\u00f3grafo capta primeira imagem de sempre de um lince-ib\u00e9rico branco. &#8220;N\u00e3o podia acreditar&#8221;"},"content":{"rendered":"<p class=\"wp-caption-text top\">\u00c1ngel Hidalgo Garrido<\/p>\n<p><img decoding=\"async\" loading=\"lazy\" class=\"wp-image-708892 size-kopa-image-size-3\" src=\"https:\/\/www.europesays.com\/pt\/wp-content\/uploads\/2025\/11\/34eeb59dfd214bbb4664a525a1eea19d-783x450.jpg\" alt=\"\" width=\"700\" height=\"402\"  \/><\/p>\n<p class=\"wp-caption-text bot\">Primeiro lince-ib\u00e9rico branco captado em fotografia<\/p>\n<p><strong>A descoberta not\u00e1vel foi feita por um fot\u00f3grafo amador no sul de Espanha. Os especialistas especulam que a cor branca ser\u00e1 uma adapta\u00e7\u00e3o \u00e0s condi\u00e7\u00f5es ambientais.<\/strong><\/p>\n<p>Imagine ser um fot\u00f3grafo amador e dar de caras com um raro lince-ib\u00e9rico num dos seus passeios. Agora, imagine ser um fot\u00f3grafo amador e dar de caras com um raro lince-ib\u00e9rico com a <strong>pelugem totalmente branca<\/strong>, ao contr\u00e1rio do seu p\u00ealo tipicamente castanho.<\/p>\n<p>Foi isto o que aconteceu a <strong>\u00c1ngel Hidalgo Garrido<\/strong>, um fot\u00f3grafo amador espanhol que captou a primeira imagem de sempre de um lince-ib\u00e9rico \u201cbranco como a neve\u201d e com \u201colhos penetrantes\u201d, nas palavras do pr\u00f3prio.<\/p>\n<p>O encontro inesperado aconteceu no dia 22 na<strong> serra da prov\u00edncia de Ja\u00e9n<\/strong>, no sul de Espanha. A localiza\u00e7\u00e3o exata onde do lince foi mantida em segredo, de forma a evitar riscos de ca\u00e7a furtiva. Apesar do recente crescimento populacional, o lince-ib\u00e9rico continua a ser uma esp\u00e9cie \u201cvulner\u00e1vel\u201d de acordo com a Uni\u00e3o Internacional para a Conserva\u00e7\u00e3o da Natureza (UICN).<\/p>\n<p>A descoberta de \u00c1ngel Hidalgo Garrido n\u00e3o foi totalmente aleat\u00f3ria. O animal j\u00e1 tinha sido detetado numa c\u00e2mara de foto-trapping, um m\u00e9todo para captar os animais sem presen\u00e7a humana, o que levou a que o fot\u00f3grafo partisse para o terreno em sua busca. \u201cTinha que <strong>ver esta maravilha com os meus pr\u00f3prios olhos<\/strong>\u201c, explica, numa publica\u00e7\u00e3o no Facebook.<\/p>\n<p>Depois de meses sem sucesso e j\u00e1 perto de desistir, o seu desejo tornou-se realidade. \u201cAo observar pela primeira vez um \u201cLince Ib\u00e9rico branco\u201d com o seu pelo de inverno branco como a neve e aqueles olhos penetrantes, <strong>fiquei paralisado<\/strong>, n\u00e3o podia acreditar no que estava a ver. Senti-me muito sortudo por testemunhar este momento, por poder ver este grande lince no seu habitat natural\u201d, refere.<\/p>\n<p>A explica\u00e7\u00e3o para a pelugem branca do animal continua a ser um mist\u00e9rio. Especula-se que o animal <strong>poder\u00e1 ter leucismo<\/strong>, uma anomalia gen\u00e9tica rara que provoca aus\u00eancia parcial ou total de pigmenta\u00e7\u00e3o na pele e no pelo, mas mant\u00e9m olhos com a cor normal, ao contr\u00e1rio dos albinos.<\/p>\n<p>No entanto, Javie Salcedo, o coordenador do plano de recupera\u00e7\u00e3o de linces ib\u00e9ricos na Andaluzia, tem outra teoria. \u201cN\u00e3o \u00e9 albinismo nem leucismo e estamos a investigar o que ter\u00e1 acontecido, e pensamos que pode estar relacionado com a <strong>exposi\u00e7\u00e3o a algo ambiental<\/strong>\u201c, afirma ao <a href=\"https:\/\/elpais.com\/clima-y-medio-ambiente\/2025-10-29\/un-fotografo-graba-por-primera-vez-a-un-lince-iberico-blanco-el-misterioso-color-de-satureja.html\" data-wpel-link=\"external\" target=\"_blank\" rel=\"nofollow external noopener noreferrer\" class=\"ext-link\">El Pa\u00eds<\/a>.<\/p>\n<p>O especialista sustenta a sua tese no facto de o animal ter o \u201cpadr\u00e3o caracter\u00edstico de manchas pretas da esp\u00e9cie\u201d e tamb\u00e9m por j\u00e1 haver registo de um outro lince ib\u00e9rico com uma condi\u00e7\u00e3o semelhante que mais tarde <strong>recuperou a cor natural<\/strong>.<\/p>\n<p>Apesar de ainda continuar a ser uma esp\u00e9cie amea\u00e7ada, os esfor\u00e7os de Portugal e Espanha para proteger o lince-ib\u00e9rico da extin\u00e7\u00e3o t\u00eam dado frutos, com a popula\u00e7\u00e3o total na Pen\u00ednsula a <strong>ultrapassar os 2000 exemplares<\/strong> em 2023.<\/p>\n<p>    <a href=\"https:\/\/zap.aeiou.pt\/subscrever-newsletter\" data-wpel-link=\"internal\" rel=\"nofollow noopener\" target=\"_blank\">&#13;<br \/>\n        <img loading=\"lazy\" decoding=\"async\" class=\"aligncenter size-full wp-image-575475\" src=\"https:\/\/www.europesays.com\/pt\/wp-content\/uploads\/2025\/10\/1759862234_971_2d51fe4a0ba54894421ead1809309ed9-1-450x140.jpg\" alt=\"Subscreva a Newsletter ZAP\" width=\"450\" height=\"140\"\/>&#13;<br \/>\n    <\/a><\/p>\n<p>                <a href=\"https:\/\/whatsapp.com\/channel\/0029VaIC4EE2f3EJZPPSbR34\" data-wpel-link=\"external\" target=\"_blank\" rel=\"nofollow external noopener noreferrer\" class=\"ext-link\">&#13;<br \/>\n                    <img loading=\"lazy\" decoding=\"async\" class=\"aligncenter size-full wp-image-575475\" src=\"https:\/\/www.europesays.com\/pt\/wp-content\/uploads\/2025\/10\/1759862234_512_c68c559d956d4ca20f435ed74a6e71e6.png\" alt=\"Siga-nos no WhatsApp\" width=\"175\" height=\"64\"\/>&#13;<br \/>\n                <\/a><\/p>\n<p>                <a href=\"https:\/\/news.google.com\/publications\/CAAiEHRwZondIV71PDjWNoqMduEqFAgKIhB0cGaJ3SFe9Tw41jaKjHbh?hl=en-US&amp;gl=US&amp;ceid=US%3Aen\" data-wpel-link=\"external\" target=\"_blank\" rel=\"nofollow external noopener noreferrer\" class=\"ext-link\">&#13;<br \/>\n                    <img loading=\"lazy\" decoding=\"async\" class=\"aligncenter size-full wp-image-575475\" src=\"https:\/\/www.europesays.com\/pt\/wp-content\/uploads\/2025\/10\/1759862235_242_5123dd8b087b644fdb8f8603acd1bad4.png\" alt=\"Siga-nos no Google News\" width=\"176\" height=\"64\"\/>&#13;<br \/>\n                <\/a><\/p>\n","protected":false},"excerpt":{"rendered":"\u00c1ngel Hidalgo Garrido Primeiro lince-ib\u00e9rico branco captado em fotografia A descoberta not\u00e1vel foi feita por um fot\u00f3grafo amador&hellip;\n","protected":false},"author":2,"featured_media":135860,"comment_status":"","ping_status":"","sticky":false,"template":"","format":"standard","meta":{"footnotes":""},"categories":[144],"tags":[207,205,206,203,201,202,2780,204,114,115,640,2085,32,33],"class_list":{"0":"post-135859","1":"post","2":"type-post","3":"status-publish","4":"format-standard","5":"has-post-thumbnail","7":"category-arte-e-design","8":"tag-arte","9":"tag-arte-e-design","10":"tag-artedesign","11":"tag-arts","12":"tag-arts-and-design","13":"tag-artsanddesign","14":"tag-biodiversidade","15":"tag-design","16":"tag-entertainment","17":"tag-entretenimento","18":"tag-espanha","19":"tag-fotografia","20":"tag-portugal","21":"tag-pt"},"share_on_mastodon":{"url":"https:\/\/pubeurope.com\/@pt\/115476612061016171","error":""},"_links":{"self":[{"href":"https:\/\/www.europesays.com\/pt\/wp-json\/wp\/v2\/posts\/135859","targetHints":{"allow":["GET"]}}],"collection":[{"href":"https:\/\/www.europesays.com\/pt\/wp-json\/wp\/v2\/posts"}],"about":[{"href":"https:\/\/www.europesays.com\/pt\/wp-json\/wp\/v2\/types\/post"}],"author":[{"embeddable":true,"href":"https:\/\/www.europesays.com\/pt\/wp-json\/wp\/v2\/users\/2"}],"replies":[{"embeddable":true,"href":"https:\/\/www.europesays.com\/pt\/wp-json\/wp\/v2\/comments?post=135859"}],"version-history":[{"count":0,"href":"https:\/\/www.europesays.com\/pt\/wp-json\/wp\/v2\/posts\/135859\/revisions"}],"wp:featuredmedia":[{"embeddable":true,"href":"https:\/\/www.europesays.com\/pt\/wp-json\/wp\/v2\/media\/135860"}],"wp:attachment":[{"href":"https:\/\/www.europesays.com\/pt\/wp-json\/wp\/v2\/media?parent=135859"}],"wp:term":[{"taxonomy":"category","embeddable":true,"href":"https:\/\/www.europesays.com\/pt\/wp-json\/wp\/v2\/categories?post=135859"},{"taxonomy":"post_tag","embeddable":true,"href":"https:\/\/www.europesays.com\/pt\/wp-json\/wp\/v2\/tags?post=135859"}],"curies":[{"name":"wp","href":"https:\/\/api.w.org\/{rel}","templated":true}]}}