{"id":135900,"date":"2025-11-01T22:28:17","date_gmt":"2025-11-01T22:28:17","guid":{"rendered":"https:\/\/www.europesays.com\/pt\/135900\/"},"modified":"2025-11-01T22:28:17","modified_gmt":"2025-11-01T22:28:17","slug":"mae-de-virginia-fonseca-ganha-raspadinha-da-loteria-espanhola-zoeira","status":"publish","type":"post","link":"https:\/\/www.europesays.com\/pt\/135900\/","title":{"rendered":"M\u00e3e de Virginia Fonseca ganha raspadinha da Loteria Espanhola &#8211; Zoeira"},"content":{"rendered":"<p>Durante uma viagem em fam\u00edlia \u00e0 Espanha, Margareth Serr\u00e3o, <strong>m\u00e3e<\/strong> <strong>da influenciadora<\/strong> <strong>Virginia Fonseca<\/strong>, viveu um momento de sorte e bom humor. Ao lado de duas amigas, ela comprou <strong>raspadinhas da Loteria Espanhola <\/strong>e acabou premiada, ainda que de forma simb\u00f3lica: cada uma recebeu 3 euros, o equivalente \u00e0 cerca de R$ 18,60 por pessoa.<\/p>\n<p>A cena foi registrada por Virginia, de 26 anos, que compartilhou a rea\u00e7\u00e3o da m\u00e3e nas redes sociais. Com bom humor, a influenciadora brincou com o valor da premia\u00e7\u00e3o, dizendo que daria apenas para comprar \u201cuma blusinha\u201d e ironizou: \u201c<strong>nem paga a volta pra casa<\/strong>\u201d.<\/p>\n<blockquote class=\"twitter-tweet\"><p>\n\t<a href=\"https:\/\/twitter.com\/nicolasprattes\/status\/984355190003417483\" rel=\"nofollow noopener\" target=\"_blank\">\n<\/p><\/blockquote>\n<p>Entre risadas, Margareth e as amigas comemoraram como verdadeiras milion\u00e1rias, gritando \u201c<strong>ricas, ricas<\/strong>\u201d enquanto celebravam o pequeno pr\u00eamio. O momento leve rapidamente repercutiu entre os seguidores de Virginia, conhecidos por acompanharem de perto as aventuras da fam\u00edlia.<\/p>\n<p>Atualmente, Virginia est\u00e1 em Madri, <a href=\"https:\/\/diariodonordeste.verdesmares.com.br\/entretenimento\/zoeira\/virginia-retorna-a-madri-e-e-recebida-por-vini-jr-com-flores-e-uma-bolsa-de-luxo-1.3703062\" target=\"_self\" rel=\"nofollow noopener\">hospedada na casa do namorado<\/a>, <strong>o jogador Vini Jr.<\/strong>, de 25 anos. A influenciadora viajou acompanhada da m\u00e3e e dos tr\u00eas filhos, Maria Alice, de 4 anos, Maria Flor, de 3, e o ca\u00e7ula Jos\u00e9 Leonardo, para uma curta temporada na Europa.<\/p>\n<p>\u00a0<\/p>\n<p>\t\t\t\t\t<script async src=\"https:\/\/platform.twitter.com\/widgets.js\" charset=\"utf-8\"><\/script><\/p>\n","protected":false},"excerpt":{"rendered":"Durante uma viagem em fam\u00edlia \u00e0 Espanha, Margareth Serr\u00e3o, m\u00e3e da influenciadora Virginia Fonseca, viveu um momento de&hellip;\n","protected":false},"author":2,"featured_media":135901,"comment_status":"","ping_status":"","sticky":false,"template":"","format":"standard","meta":{"footnotes":""},"categories":[145],"tags":[2397,211,210,114,115,32,33],"class_list":{"0":"post-135900","1":"post","2":"type-post","3":"status-publish","4":"format-standard","5":"has-post-thumbnail","7":"category-celebridades","8":"tag-artes-cultura-e-entretenimento","9":"tag-celebridades","10":"tag-celebrities","11":"tag-entertainment","12":"tag-entretenimento","13":"tag-portugal","14":"tag-pt"},"share_on_mastodon":{"url":"https:\/\/pubeurope.com\/@pt\/115476804774137728","error":""},"_links":{"self":[{"href":"https:\/\/www.europesays.com\/pt\/wp-json\/wp\/v2\/posts\/135900","targetHints":{"allow":["GET"]}}],"collection":[{"href":"https:\/\/www.europesays.com\/pt\/wp-json\/wp\/v2\/posts"}],"about":[{"href":"https:\/\/www.europesays.com\/pt\/wp-json\/wp\/v2\/types\/post"}],"author":[{"embeddable":true,"href":"https:\/\/www.europesays.com\/pt\/wp-json\/wp\/v2\/users\/2"}],"replies":[{"embeddable":true,"href":"https:\/\/www.europesays.com\/pt\/wp-json\/wp\/v2\/comments?post=135900"}],"version-history":[{"count":0,"href":"https:\/\/www.europesays.com\/pt\/wp-json\/wp\/v2\/posts\/135900\/revisions"}],"wp:featuredmedia":[{"embeddable":true,"href":"https:\/\/www.europesays.com\/pt\/wp-json\/wp\/v2\/media\/135901"}],"wp:attachment":[{"href":"https:\/\/www.europesays.com\/pt\/wp-json\/wp\/v2\/media?parent=135900"}],"wp:term":[{"taxonomy":"category","embeddable":true,"href":"https:\/\/www.europesays.com\/pt\/wp-json\/wp\/v2\/categories?post=135900"},{"taxonomy":"post_tag","embeddable":true,"href":"https:\/\/www.europesays.com\/pt\/wp-json\/wp\/v2\/tags?post=135900"}],"curies":[{"name":"wp","href":"https:\/\/api.w.org\/{rel}","templated":true}]}}