{"id":135918,"date":"2025-11-01T22:46:21","date_gmt":"2025-11-01T22:46:21","guid":{"rendered":"https:\/\/www.europesays.com\/pt\/135918\/"},"modified":"2025-11-01T22:46:21","modified_gmt":"2025-11-01T22:46:21","slug":"espetaculo-infantil-estreia-no-teatro-da-avenida-paulista-em-sao-paulo-saiba-tudo","status":"publish","type":"post","link":"https:\/\/www.europesays.com\/pt\/135918\/","title":{"rendered":"Espet\u00e1culo infantil estreia no teatro da Avenida Paulista em S\u00e3o Paulo; saiba tudo"},"content":{"rendered":"\n<p data-start=\"88\" data-end=\"465\">O sucesso que encantou milh\u00f5es de f\u00e3s ganha agora uma vers\u00e3o teatral in\u00e9dita em S\u00e3o Paulo. <strong data-start=\"179\" data-end=\"202\">\u201cHero\u00ednas do K-Pop\u201d<\/strong> \u00e9 um espet\u00e1culo musical infantojuvenil que transforma o palco em um verdadeiro show de energia, coreografias vibrantes e uma hist\u00f3ria repleta de emo\u00e7\u00e3o e aventura. Ideal para toda a fam\u00edlia, a produ\u00e7\u00e3o une <strong data-start=\"409\" data-end=\"437\">m\u00fasica, dan\u00e7a e fantasia<\/strong> em uma experi\u00eancia \u00fanica.<\/p>\n<p data-start=\"88\" data-end=\"465\"><img loading=\"lazy\" decoding=\"async\" class=\"size-full wp-image-123248 aligncenter\" src=\"https:\/\/www.europesays.com\/pt\/wp-content\/uploads\/2025\/11\/guerreirasdokpop03.jpg\" alt=\"Espet\u00e1culo infantil em S\u00e3o Paulo traz as \u201cHero\u00ednas do K-Pop\u201d\" width=\"1600\" height=\"1200\"  \/><\/p>\n<p> Amizade, superpoderes e muita m\u00fasica <\/p>\n<p data-start=\"510\" data-end=\"952\">A trama acompanha <strong data-start=\"528\" data-end=\"554\">tr\u00eas amigas talentosas<\/strong> que formam um grupo de K-Pop de sucesso internacional. Por tr\u00e1s da fama e dos holofotes, elas escondem um segredo poderoso: suas habilidades musicais tamb\u00e9m s\u00e3o armas contra for\u00e7as sombrias que amea\u00e7am o equil\u00edbrio do mundo. Entre <strong data-start=\"786\" data-end=\"807\">batalhas de dan\u00e7a<\/strong>, rivalidades com uma misteriosa boyband e desafios pessoais, as hero\u00ednas aprendem que o verdadeiro poder est\u00e1 na <strong data-start=\"921\" data-end=\"949\">amizade, uni\u00e3o e coragem<\/strong>.<\/p>\n<p data-start=\"954\" data-end=\"1203\">O espet\u00e1culo mistura <strong data-start=\"975\" data-end=\"1005\">aventura, humor e suspense<\/strong>, criando uma narrativa envolvente que prende tanto as crian\u00e7as quanto os adultos. Cada n\u00famero musical \u00e9 uma explos\u00e3o de cores, ritmo e emo\u00e7\u00e3o, com figurinos deslumbrantes e ilumina\u00e7\u00e3o impactante.<\/p>\n<p>  <img loading=\"lazy\" decoding=\"async\" class=\"size-full wp-image-123209\" src=\"https:\/\/www.europesays.com\/pt\/wp-content\/uploads\/2025\/11\/Heroinas-do-K-Pop-2.jpeg\" alt=\"Espet\u00e1culo infantil em S\u00e3o Paulo traz as \u201cHero\u00ednas do K-Pop\u201d\" width=\"772\" height=\"1036\"  \/>Divulga\u00e7\u00e3o Por que assistir <\/p>\n<p data-start=\"1228\" data-end=\"1318\">\u201cHero\u00ednas do K-Pop\u201d se destaca por reunir elementos que encantam f\u00e3s de todas as idades:<\/p>\n<ul data-start=\"1320\" data-end=\"1666\">\n<li data-start=\"1320\" data-end=\"1415\">\n<p data-start=\"1322\" data-end=\"1415\"><strong data-start=\"1322\" data-end=\"1368\">Coreografias originais inspiradas no K-Pop<\/strong>, com passos marcantes e energia contagiante.<\/p>\n<\/li>\n<li data-start=\"1416\" data-end=\"1553\">\n<p data-start=\"1418\" data-end=\"1553\"><strong data-start=\"1418\" data-end=\"1447\">Trilha sonora eletrizante<\/strong>, que combina m\u00fasicas conhecidas do g\u00eanero e composi\u00e7\u00f5es exclusivas criadas especialmente para o teatro.<\/p>\n<\/li>\n<li data-start=\"1554\" data-end=\"1666\">\n<p data-start=\"1556\" data-end=\"1666\"><strong data-start=\"1556\" data-end=\"1590\">Hist\u00f3ria com mensagem positiva<\/strong>, abordando temas como sonhos, identidade, trabalho em equipe e supera\u00e7\u00e3o.<\/p>\n<\/li>\n<\/ul>\n<p data-start=\"1668\" data-end=\"1784\">Mais do que um show, a pe\u00e7a \u00e9 uma celebra\u00e7\u00e3o da cultura pop, do poder da arte e da for\u00e7a das conex\u00f5es verdadeiras.<\/p>\n<p data-start=\"1668\" data-end=\"1784\"><img loading=\"lazy\" decoding=\"async\" class=\"size-full wp-image-123250 aligncenter\" src=\"https:\/\/www.europesays.com\/pt\/wp-content\/uploads\/2025\/11\/guerreirasdokpop05.jpg\" alt=\"Espet\u00e1culo infantil em S\u00e3o Paulo traz as \u201cHero\u00ednas do K-Pop\u201d\" width=\"1024\" height=\"796\"  \/><\/p>\n<p> Servi\u00e7o \u2013 Hero\u00ednas do K-Pop <\/p>\n<p data-start=\"1820\" data-end=\"2219\"><strong data-start=\"1820\" data-end=\"1830\">Datas:<\/strong> 8 de novembro (s\u00e1bado), \u00e0s 11h, e 9 de novembro (domingo), \u00e0s 16h<br data-start=\"1896\" data-end=\"1899\"\/><strong data-start=\"1899\" data-end=\"1909\">Local:<\/strong> Teatro Gazeta \u2013 Av. Paulista, 900, S\u00e3o Paulo (estacionamento no local)<br data-start=\"1980\" data-end=\"1983\"\/><strong data-start=\"1983\" data-end=\"1997\">Ingressos:<\/strong> R$ 50 (meia), R$ 80 (antecipado at\u00e9 um dia antes) e R$ 100 (inteira no dia)<br data-start=\"2173\" data-end=\"2176\"\/><strong data-start=\"2176\" data-end=\"2192\">Informa\u00e7\u00f5es:<\/strong> <a href=\"https:\/\/api.whatsapp.com\/send?phone=5511940309753&amp;text=Vi%20no%20Vipzinho%20e%20gostaria%20de%20mais%20informa%C3%A7%C3%B5es.%20\" rel=\"nofollow noopener\" target=\"_blank\">WhatsApp (11) 96309-4770<\/a><\/p>\n<p data-start=\"1820\" data-end=\"2219\"><img loading=\"lazy\" decoding=\"async\" class=\"size-full wp-image-123249 aligncenter\" src=\"https:\/\/www.europesays.com\/pt\/wp-content\/uploads\/2025\/11\/guerreirasdokpop04.jpg\" alt=\"Espet\u00e1culo infantil em S\u00e3o Paulo traz as \u201cHero\u00ednas do K-Pop\u201d\" width=\"1024\" height=\"1280\"  \/><\/p>\n<p><strong>Quer saber mais na palma da sua m\u00e3o?<\/strong><\/p>\n<p> <strong><a style=\"color: #008000;\" href=\"https:\/\/vipzinho.com.br\/whatstodos\" rel=\"nofollow noopener\" target=\"_blank\">Fa\u00e7a parte do nosso grupo de WhatsApp e receba boletins di\u00e1rios com tudo para as crian\u00e7as. Clique aqui e participe!<\/a>\u00a0<\/strong> <\/p>\n<p>An\u00fancio:<\/p>\n<p><a href=\"https:\/\/vipzinho.com.br\/circo-spacial-premiado-no-brasil-espetaculo-spark-traz-a-arte-circense-para-sao-paulo-em-outubro\/\" aria-label=\"Circo Spacial Spark - Banner de outubro\" rel=\"nofollow noopener\" target=\"_blank\"><img loading=\"lazy\" decoding=\"async\" src=\"https:\/\/www.europesays.com\/pt\/wp-content\/uploads\/2025\/11\/Spark.jpg\" alt=\"Circo Spacial Spark - Banner de outubro\"   width=\"1080\" height=\"1080\"\/><\/a> \t\t\t\t \t\t \t\t \t\t \t<\/p>\n","protected":false},"excerpt":{"rendered":"O sucesso que encantou milh\u00f5es de f\u00e3s ganha agora uma vers\u00e3o teatral in\u00e9dita em S\u00e3o Paulo. \u201cHero\u00ednas do&hellip;\n","protected":false},"author":2,"featured_media":135919,"comment_status":"","ping_status":"","sticky":false,"template":"","format":"standard","meta":{"footnotes":""},"categories":[141],"tags":[30530,30531,114,115,30532,30533,30534,149,150,30535,32,33,30536,30537,30538,30539],"class_list":{"0":"post-135918","1":"post","2":"type-post","3":"status-publish","4":"format-standard","5":"has-post-thumbnail","7":"category-musica","8":"tag-aventura-musical","9":"tag-diversao-em-familia","10":"tag-entertainment","11":"tag-entretenimento","12":"tag-espetaculo-em-sao-paulo","13":"tag-espetaculo-infantil","14":"tag-heroinas-do-k-pop","15":"tag-music","16":"tag-musica","17":"tag-musical-infantojuvenil","18":"tag-portugal","19":"tag-pt","20":"tag-show-de-danca","21":"tag-teatro-infantil","22":"tag-teatro-para-criancas","23":"tag-teatro-para-familia"},"share_on_mastodon":{"url":"https:\/\/pubeurope.com\/@pt\/115476875736429351","error":""},"_links":{"self":[{"href":"https:\/\/www.europesays.com\/pt\/wp-json\/wp\/v2\/posts\/135918","targetHints":{"allow":["GET"]}}],"collection":[{"href":"https:\/\/www.europesays.com\/pt\/wp-json\/wp\/v2\/posts"}],"about":[{"href":"https:\/\/www.europesays.com\/pt\/wp-json\/wp\/v2\/types\/post"}],"author":[{"embeddable":true,"href":"https:\/\/www.europesays.com\/pt\/wp-json\/wp\/v2\/users\/2"}],"replies":[{"embeddable":true,"href":"https:\/\/www.europesays.com\/pt\/wp-json\/wp\/v2\/comments?post=135918"}],"version-history":[{"count":0,"href":"https:\/\/www.europesays.com\/pt\/wp-json\/wp\/v2\/posts\/135918\/revisions"}],"wp:featuredmedia":[{"embeddable":true,"href":"https:\/\/www.europesays.com\/pt\/wp-json\/wp\/v2\/media\/135919"}],"wp:attachment":[{"href":"https:\/\/www.europesays.com\/pt\/wp-json\/wp\/v2\/media?parent=135918"}],"wp:term":[{"taxonomy":"category","embeddable":true,"href":"https:\/\/www.europesays.com\/pt\/wp-json\/wp\/v2\/categories?post=135918"},{"taxonomy":"post_tag","embeddable":true,"href":"https:\/\/www.europesays.com\/pt\/wp-json\/wp\/v2\/tags?post=135918"}],"curies":[{"name":"wp","href":"https:\/\/api.w.org\/{rel}","templated":true}]}}