{"id":135951,"date":"2025-11-01T23:13:13","date_gmt":"2025-11-01T23:13:13","guid":{"rendered":"https:\/\/www.europesays.com\/pt\/135951\/"},"modified":"2025-11-01T23:13:13","modified_gmt":"2025-11-01T23:13:13","slug":"ex-noivo-ze-passa-o-halloween-junto-de-ex-concorrente-e-ha-uma-foto-que-esta-a-dar-que-falar-secret-story","status":"publish","type":"post","link":"https:\/\/www.europesays.com\/pt\/135951\/","title":{"rendered":"Ex-noivo Z\u00e9 passa o Halloween junto de ex-concorrente e h\u00e1 uma foto que est\u00e1 a dar que falar &#8211; Secret Story"},"content":{"rendered":"<p data-end=\"316\" data-start=\"100\">O Halloween reuniu v\u00e1rias caras conhecidas da \u201cCasa dos Segredos\u201d no Classe Bar, discoteca em Vila Nova de Famalic\u00e3o, entre os presentes esteve Z\u00e9, o ex-noivo de Liliana, que voltou a destacar-se por estar no meio de ex-concorrentes do reality show.<\/p>\n<p data-end=\"691\" data-start=\"318\">O ex-participante juntou-se a Diogo, Fl\u00e1via e Renata para uma noite de festa marcada por m\u00fasica\u00a0 e reencontros. O grupo partilhou v\u00e1rios momentos do evento no Instagram, mostrando que a amizade entre alguns ex-concorrentes se mant\u00e9m viva mesmo ap\u00f3s o programa. Ainda assim, o que mais surpreendeu os f\u00e3s foi ver Z\u00e9 integrado no grupo, algo que poucos esperavam.<\/p>\n<p data-end=\"691\" data-start=\"318\"><img loading=\"lazy\" decoding=\"async\" alt=\"\" height=\"332\" src=\"https:\/\/www.europesays.com\/pt\/wp-content\/uploads\/2025\/11\/69064181d34e3caad84acb41.webp\" width=\"192\"\/><\/p>\n<p data-end=\"853\" data-start=\"693\">Diogo foi um dos que registou a noite nas redes sociais, partilhando uma fotografia em que surge ao lado dos antigos colegas, entre risos e ambiente de festa.<\/p>\n<p data-end=\"1010\" data-start=\"760\"><img loading=\"lazy\" decoding=\"async\" alt=\"\" height=\"344\" src=\"https:\/\/www.europesays.com\/pt\/wp-content\/uploads\/2025\/11\/69064181d34e2bd5c6d383db.webp\" width=\"198\"\/><\/p>\n","protected":false},"excerpt":{"rendered":"O Halloween reuniu v\u00e1rias caras conhecidas da \u201cCasa dos Segredos\u201d no Classe Bar, discoteca em Vila Nova de&hellip;\n","protected":false},"author":2,"featured_media":135952,"comment_status":"","ping_status":"","sticky":false,"template":"","format":"standard","meta":{"footnotes":""},"categories":[142],"tags":[18706,114,115,18705,4313,19016,32,33,3809,151,18704,975],"class_list":{"0":"post-135951","1":"post","2":"type-post","3":"status-publish","4":"format-standard","5":"has-post-thumbnail","7":"category-tv","8":"tag-bastidores-secret-story","9":"tag-entertainment","10":"tag-entretenimento","11":"tag-entrevistas-concorrentes-tvi","12":"tag-flavia","13":"tag-liliana","14":"tag-portugal","15":"tag-pt","16":"tag-renata","17":"tag-tv","18":"tag-vida-fora-da-casa","19":"tag-ze"},"share_on_mastodon":{"url":"https:\/\/pubeurope.com\/@pt\/115476981867370355","error":""},"_links":{"self":[{"href":"https:\/\/www.europesays.com\/pt\/wp-json\/wp\/v2\/posts\/135951","targetHints":{"allow":["GET"]}}],"collection":[{"href":"https:\/\/www.europesays.com\/pt\/wp-json\/wp\/v2\/posts"}],"about":[{"href":"https:\/\/www.europesays.com\/pt\/wp-json\/wp\/v2\/types\/post"}],"author":[{"embeddable":true,"href":"https:\/\/www.europesays.com\/pt\/wp-json\/wp\/v2\/users\/2"}],"replies":[{"embeddable":true,"href":"https:\/\/www.europesays.com\/pt\/wp-json\/wp\/v2\/comments?post=135951"}],"version-history":[{"count":0,"href":"https:\/\/www.europesays.com\/pt\/wp-json\/wp\/v2\/posts\/135951\/revisions"}],"wp:featuredmedia":[{"embeddable":true,"href":"https:\/\/www.europesays.com\/pt\/wp-json\/wp\/v2\/media\/135952"}],"wp:attachment":[{"href":"https:\/\/www.europesays.com\/pt\/wp-json\/wp\/v2\/media?parent=135951"}],"wp:term":[{"taxonomy":"category","embeddable":true,"href":"https:\/\/www.europesays.com\/pt\/wp-json\/wp\/v2\/categories?post=135951"},{"taxonomy":"post_tag","embeddable":true,"href":"https:\/\/www.europesays.com\/pt\/wp-json\/wp\/v2\/tags?post=135951"}],"curies":[{"name":"wp","href":"https:\/\/api.w.org\/{rel}","templated":true}]}}