{"id":135957,"date":"2025-11-01T23:17:20","date_gmt":"2025-11-01T23:17:20","guid":{"rendered":"https:\/\/www.europesays.com\/pt\/135957\/"},"modified":"2025-11-01T23:17:20","modified_gmt":"2025-11-01T23:17:20","slug":"cientistas-britanicos-afirmam-ter-detectado-os-primeiros-sinais-visiveis-que-desencadeiam-o-parkinson","status":"publish","type":"post","link":"https:\/\/www.europesays.com\/pt\/135957\/","title":{"rendered":"Cientistas brit\u00e2nicos afirmam ter detectado os primeiros sinais vis\u00edveis que desencadeiam o Parkinson"},"content":{"rendered":"<p> <img decoding=\"async\" fetchpriority=\"high\" src=\"https:\/\/www.europesays.com\/pt\/wp-content\/uploads\/2025\/11\/uk-scientists-have-finally-visualised-the-tiny-protein-clusters-linked-to-parkinson-s-disease-176165.jpeg\"  width=\"768\" height=\"432\" data-image=\"yig9mdau7y2o\"\/>Cientistas detectaram pequenos aglomerados de uma prote\u00edna cerebral que foram associados ao in\u00edcio precoce da doen\u00e7a de Parkinson.   <img decoding=\"async\" fetchpriority=\"high\" src=\"https:\/\/www.europesays.com\/pt\/wp-content\/uploads\/2025\/11\/lee-bell.jpg\" alt=\"Lee Bell\" width=\"40\" height=\"40\"\/>    <a class=\"nombre text-hv\" href=\"https:\/\/www.tempo.com\/autor\/lee-bell\/\" title=\"Lee Bell\" rel=\"nofollow noopener\" target=\"_blank\">Lee Bell<\/a> Meteored Reino Unido       01\/11\/2025 16:23   4 min   <\/p>\n<p>A <strong>doen\u00e7a de Parkinson<\/strong> \u00e9 conhecida como a condi\u00e7\u00e3o neurol\u00f3gica de crescimento mais r\u00e1pido no mundo; no entanto, na maioria dos casos, os m\u00e9dicos s\u00f3 conseguem diagnostic\u00e1-la ap\u00f3s o aparecimento dos sintomas.<\/p>\n<p>H\u00e1 muito tempo, os pesquisadores suspeitam que<strong> min\u00fasculos olig\u00f4meros de alfa-sinucle\u00edna<\/strong><strong> sejam os primeiros a agir<\/strong>, antes que outros sinais reveladores, os chamados corpos de Lewy, sejam detectados ao microsc\u00f3pio. Esses olig\u00f4meros s\u00e3o <strong>pequenos aglomerados incipientes da prote\u00edna alfa-sinucle\u00edna que se unem no c\u00e9rebro <\/strong>e s\u00e3o suspeitos de <strong>danificar as c\u00e9lulas nervosas <\/strong>antes que aglomerados maiores se formem.<\/p>\n<p>Agora, uma equipe da Universidade de Cambridge afirma que <strong>esses aglomerados de neur\u00f4nios, at\u00e9 ent\u00e3o desconhecidos, foram finalmente visualizados e medidos no c\u00e9rebro humano<\/strong>, o que pode auxiliar no diagn\u00f3stico precoce.<\/p>\n<p>A abordagem ASA-PD<\/p>\n<p>Utilizando um m\u00e9todo de microscopia ultrassens\u00edvel chamado ASA-PD, os cientistas de Cambridge, da UCL, do Instituto Francis Crick e da Polytechnique Montr\u00e9al afirmam ter <strong>visualizado, contado e comparado diretamente olig\u00f4meros de alfa-sinucle\u00edna em tecido cerebral post-mortem<\/strong>.<\/p>\n<p>\u201cOs <strong>corpos de Lewy s\u00e3o a marca registrada da doen\u00e7a de Parkinson<\/strong>, mas essencialmente indicam onde a doen\u00e7a esteve, n\u00e3o onde est\u00e1 agora\u201d, disse o Professor Steven Lee, que trabalhou na pesquisa.<\/p>\n<p><a class=\"imagen \" href=\"https:\/\/www.tempo.com\/noticias\/ciencia\/parkinson-pode-ter-inicio-em-orgao-inesperado-do-corpo-e-nao-no-cerebro-indica-estudo-na-nature.html\" title=\"Parkinson pode ter in\u00edcio em \u00f3rg\u00e3o inesperado do corpo e n\u00e3o no c\u00e9rebro, indica estudo na Nature\" rel=\"nofollow noopener\" target=\"_blank\"><img loading=\"lazy\" decoding=\"async\" fetchpriority=\"low\" class=\"lazy img-body non-editable\" src=\"https:\/\/www.europesays.com\/pt\/wp-content\/uploads\/2025\/11\/parkinson-pode-ter-inicio-em-orgao-inesperado-do-corpo-e-nao-no-cerebro-indica-estudo-na-nature-1751.jpeg\"  width=\"320\" height=\"225\" alt=\"Parkinson pode ter in\u00edcio em \u00f3rg\u00e3o inesperado do corpo e n\u00e3o no c\u00e9rebro, indica estudo na Nature\"\/><\/a><\/p>\n<p>\u201cSe pud\u00e9ssemos observar o Parkinson em seus est\u00e1gios iniciais, isso nos diria muito mais sobre como a doen\u00e7a se desenvolve no c\u00e9rebro e como poder\u00edamos trat\u00e1-la\u201d, comentou ele.<\/p>\n<p>Os cientistas explicam que <strong>o m\u00e9todo ASA-PD<\/strong> amplifica o sinal fraco de aglomerados em nanoescala e remove o ru\u00eddo de fundo, <strong>revelando aglomerados de prote\u00ednas individuais pela primeira vez<\/strong>.<\/p>\n<p><img loading=\"lazy\" decoding=\"async\" fetchpriority=\"low\" class=\"lazy \" src=\"https:\/\/www.europesays.com\/pt\/wp-content\/uploads\/2025\/11\/1761998950_313_uk-scientists-have-finally-visualised-the-tiny-protein-clusters-linked-to-parkinson-s-disease-176165.jpeg\"  width=\"768\" height=\"432\" data-image=\"gq7xehxl1g51\"\/>Um novo exame ultrassens\u00edvel revelou aglomerados maiores e mais numerosos em pacientes, possibilitando testes mais precoces e tratamentos mais direcionados.<\/p>\n<p><strong>Em amostras de pessoas com doen\u00e7a de Parkinson, os olig\u00f4meros eram maiores, mais brilhantes e muito mais numerosos<\/strong> do que em controles da mesma faixa et\u00e1ria, fornecendo evid\u00eancias potenciais de que seu crescimento e ac\u00famulo est\u00e3o ligados \u00e0 doen\u00e7a.<\/p>\n<p>&#8220;Esta \u00e9 a primeira vez que conseguimos observar olig\u00f4meros diretamente no tecido cerebral humano nessa escala \u2014 \u00e9 como poder ver estrelas em plena luz do dia&#8221;, disse a Dra. Rebecca Andrews, autora principal do estudo. &#8220;<strong>Isso abre<\/strong> <strong>novos caminhos na pesquisa da doen\u00e7a de Parkinson<\/strong>&#8220;, acrescentou ela.<\/p>\n<p>Um &#8216;atlas de altera\u00e7\u00f5es proteicas&#8217;<\/p>\n<p>A equipe de pesquisa tamb\u00e9m identificou <strong>um subconjunto distinto de olig\u00f4meros<\/strong> encontrados apenas no tecido de pacientes com Parkinson, <strong>um sinal potencialmente detect\u00e1vel mais cedo <\/strong>que<strong> pode aparecer anos antes dos sintomas<\/strong>.<\/p>\n<p>\u201cEste m\u00e9todo n\u00e3o nos d\u00e1 apenas um instant\u00e2neo\u201d, explicou Lucien Weiss, outro pesquisador envolvido no estudo. \u201cEle fornece um<strong> atlas abrangente das altera\u00e7\u00f5es proteicas em todo o c\u00e9rebro<\/strong>, e tecnologias semelhantes poderiam ser aplicadas a outras doen\u00e7as neurodegenerativas, como Alzheimer e Huntington&#8221;, disse.<\/p>\n<p><a class=\"imagen \" href=\"https:\/\/www.tempo.com\/noticias\/actualidade\/diagnostico-precoce-de-parkinson-projeto-da-usp-vence-premio-na-area-de-ia.html\" title=\"Diagn\u00f3stico precoce de Parkinson: projeto da USP vence pr\u00eamio na \u00e1rea de IA\" rel=\"nofollow noopener\" target=\"_blank\"><img loading=\"lazy\" decoding=\"async\" fetchpriority=\"low\" class=\"lazy img-body non-editable\" src=\"https:\/\/www.europesays.com\/pt\/wp-content\/uploads\/2025\/11\/diagnostico-precoce-de-parkinson-projeto-da-usp-vence-premio-na-area-de-ia-1741627094962_320.jpg\"  width=\"320\" height=\"225\" alt=\"Diagn\u00f3stico precoce de Parkinson: projeto da USP vence pr\u00eamio na \u00e1rea de IA\"\/><\/a><\/p>\n<p>Segundo Weiss, este atlas poder\u00e1 <strong>servir de base para diagn\u00f3sticos mais precoces, auxiliar na sele\u00e7\u00e3o de pacientes para ensaios cl\u00ednicos<\/strong> e orientar os desenvolvedores de medicamentos em dire\u00e7\u00e3o aos alvos mais importantes no in\u00edcio da doen\u00e7a.<\/p>\n<p>\u201cEsperamos que a supera\u00e7\u00e3o dessa barreira tecnol\u00f3gica nos permita <strong>compreender por que, onde e como os aglomerados de prote\u00ednas se formam<\/strong>, e como isso altera o ambiente cerebral e leva ao desenvolvimento da doen\u00e7a\u201d, acrescentou ele.<\/p>\n<p>Refer\u00eancia da not\u00edcia<\/p>\n<p><a href=\"https:\/\/www.nature.com\/articles\/s41551-025-01496-4\" target=\"_blank\" rel=\"nofollow noopener\">Large-scale visualization of \u03b1-synuclein oligomers in Parkinson\u2019s disease brain tissue<\/a>. 01 de outubro, 2025. Andrews, et al.<\/p>\n","protected":false},"excerpt":{"rendered":"Cientistas detectaram pequenos aglomerados de uma prote\u00edna cerebral que foram associados ao in\u00edcio precoce da doen\u00e7a de Parkinson.&hellip;\n","protected":false},"author":2,"featured_media":135296,"comment_status":"","ping_status":"","sticky":false,"template":"","format":"standard","meta":{"footnotes":""},"categories":[86],"tags":[4288,109,4357,116,7654,1492,32,33,117],"class_list":{"0":"post-135957","1":"post","2":"type-post","3":"status-publish","4":"format-standard","5":"has-post-thumbnail","7":"category-saude","8":"tag-cerebro","9":"tag-ciencia","10":"tag-doenca","11":"tag-health","12":"tag-neurologia","13":"tag-parkinson","14":"tag-portugal","15":"tag-pt","16":"tag-saude"},"share_on_mastodon":{"url":"https:\/\/pubeurope.com\/@pt\/115476997639661008","error":""},"_links":{"self":[{"href":"https:\/\/www.europesays.com\/pt\/wp-json\/wp\/v2\/posts\/135957","targetHints":{"allow":["GET"]}}],"collection":[{"href":"https:\/\/www.europesays.com\/pt\/wp-json\/wp\/v2\/posts"}],"about":[{"href":"https:\/\/www.europesays.com\/pt\/wp-json\/wp\/v2\/types\/post"}],"author":[{"embeddable":true,"href":"https:\/\/www.europesays.com\/pt\/wp-json\/wp\/v2\/users\/2"}],"replies":[{"embeddable":true,"href":"https:\/\/www.europesays.com\/pt\/wp-json\/wp\/v2\/comments?post=135957"}],"version-history":[{"count":0,"href":"https:\/\/www.europesays.com\/pt\/wp-json\/wp\/v2\/posts\/135957\/revisions"}],"wp:featuredmedia":[{"embeddable":true,"href":"https:\/\/www.europesays.com\/pt\/wp-json\/wp\/v2\/media\/135296"}],"wp:attachment":[{"href":"https:\/\/www.europesays.com\/pt\/wp-json\/wp\/v2\/media?parent=135957"}],"wp:term":[{"taxonomy":"category","embeddable":true,"href":"https:\/\/www.europesays.com\/pt\/wp-json\/wp\/v2\/categories?post=135957"},{"taxonomy":"post_tag","embeddable":true,"href":"https:\/\/www.europesays.com\/pt\/wp-json\/wp\/v2\/tags?post=135957"}],"curies":[{"name":"wp","href":"https:\/\/api.w.org\/{rel}","templated":true}]}}