{"id":135962,"date":"2025-11-01T23:22:20","date_gmt":"2025-11-01T23:22:20","guid":{"rendered":"https:\/\/www.europesays.com\/pt\/135962\/"},"modified":"2025-11-01T23:22:20","modified_gmt":"2025-11-01T23:22:20","slug":"cientistas-e-reitores-propoem-ao-governo-alternativas-a-fusao-da-fct-e-ani","status":"publish","type":"post","link":"https:\/\/www.europesays.com\/pt\/135962\/","title":{"rendered":"Cientistas e reitores prop\u00f5em ao Governo alternativas \u00e0 fus\u00e3o da FCT e ANI"},"content":{"rendered":"<p>Investigadores e dirigentes das universidades de Lisboa, do Porto, do Iscte, de Coimbra e do Minho enviaram, esta sexta-feira, uma carta aberta ao Governo com quatro propostas para reformar o Sistema Cient\u00edfico e Tecnol\u00f3gico Nacional, mantendo a Funda\u00e7\u00e3o para a Ci\u00eancia e a Tecnologia (FCT) e a Ag\u00eancia Nacional de Inova\u00e7\u00e3o (ANI) a funcionar autonomamente, isto \u00e9, sem a <a href=\"https:\/\/expresso.pt\/nosection\/foruns\/forum_politica\/2025-07-31-governo-acaba-com-varias-entidades-no-ministerio-da-educacao-como-a-fundacao-para-a-ciencia-e-tecnologia-23ec8128\" target=\"_blank\" rel=\"noopener noreferrer nofollow\">fus\u00e3o anunciada<\/a>.<\/p>\n<p><a href=\"https:\/\/expresso.pt\/subscrever?action=GEN&amp;channel=VID&amp;type=CAP&amp;source=WEB&amp;returnUrl=https:\/\/expresso.pt\/sociedade\/ciencia\/2025-11-01-cientistas-e-reitores-propoem-ao-governo-alternativas-a-fusao-da-fct-e-ani-a060687e&amp;utm_source=expresso&amp;utm_medium=locked_article&amp;locked=true&amp;article_id=37c84617-21db-414d-998d-0f2c1ed02d83&amp;author_id=C\u00e1tia+Barros&amp;category=Ci\u00eancia\" target=\"_self\" class=\"\" rel=\"nofollow noopener\">Subscrever<\/a>J\u00e1 \u00e9 Subscritor?Fa\u00e7a login e continue a ler<a href=\"http:\/\/expresso.pt\/codigo?redirectUrl=https:\/\/expresso.pt\/sociedade\/ciencia\/2025-11-01-cientistas-e-reitores-propoem-ao-governo-alternativas-a-fusao-da-fct-e-ani-a060687e\" target=\"_self\" class=\"\" rel=\"nofollow noopener\">Inserir C\u00f3digo<\/a>Comprou o Expresso?Insira o c\u00f3digo presente na Revista E para continuar a ler<\/p>\n","protected":false},"excerpt":{"rendered":"Investigadores e dirigentes das universidades de Lisboa, do Porto, do Iscte, de Coimbra e do Minho enviaram, esta&hellip;\n","protected":false},"author":2,"featured_media":135963,"comment_status":"","ping_status":"","sticky":false,"template":"","format":"standard","meta":{"footnotes":""},"categories":[10],"tags":[27,28,15,16,14,25,26,21,22,12,13,19,20,32,23,24,33,17,18,29,30,31],"class_list":{"0":"post-135962","1":"post","2":"type-post","3":"status-publish","4":"format-standard","5":"has-post-thumbnail","7":"category-portugal","8":"tag-breaking-news","9":"tag-breakingnews","10":"tag-featured-news","11":"tag-featurednews","12":"tag-headlines","13":"tag-latest-news","14":"tag-latestnews","15":"tag-main-news","16":"tag-mainnews","17":"tag-news","18":"tag-noticias","19":"tag-noticias-principais","20":"tag-noticiasprincipais","21":"tag-portugal","22":"tag-principais-noticias","23":"tag-principaisnoticias","24":"tag-pt","25":"tag-top-stories","26":"tag-topstories","27":"tag-ultimas","28":"tag-ultimas-noticias","29":"tag-ultimasnoticias"},"share_on_mastodon":{"url":"https:\/\/pubeurope.com\/@pt\/115477017079187670","error":""},"_links":{"self":[{"href":"https:\/\/www.europesays.com\/pt\/wp-json\/wp\/v2\/posts\/135962","targetHints":{"allow":["GET"]}}],"collection":[{"href":"https:\/\/www.europesays.com\/pt\/wp-json\/wp\/v2\/posts"}],"about":[{"href":"https:\/\/www.europesays.com\/pt\/wp-json\/wp\/v2\/types\/post"}],"author":[{"embeddable":true,"href":"https:\/\/www.europesays.com\/pt\/wp-json\/wp\/v2\/users\/2"}],"replies":[{"embeddable":true,"href":"https:\/\/www.europesays.com\/pt\/wp-json\/wp\/v2\/comments?post=135962"}],"version-history":[{"count":0,"href":"https:\/\/www.europesays.com\/pt\/wp-json\/wp\/v2\/posts\/135962\/revisions"}],"wp:featuredmedia":[{"embeddable":true,"href":"https:\/\/www.europesays.com\/pt\/wp-json\/wp\/v2\/media\/135963"}],"wp:attachment":[{"href":"https:\/\/www.europesays.com\/pt\/wp-json\/wp\/v2\/media?parent=135962"}],"wp:term":[{"taxonomy":"category","embeddable":true,"href":"https:\/\/www.europesays.com\/pt\/wp-json\/wp\/v2\/categories?post=135962"},{"taxonomy":"post_tag","embeddable":true,"href":"https:\/\/www.europesays.com\/pt\/wp-json\/wp\/v2\/tags?post=135962"}],"curies":[{"name":"wp","href":"https:\/\/api.w.org\/{rel}","templated":true}]}}