{"id":135966,"date":"2025-11-01T23:24:08","date_gmt":"2025-11-01T23:24:08","guid":{"rendered":"https:\/\/www.europesays.com\/pt\/135966\/"},"modified":"2025-11-01T23:24:08","modified_gmt":"2025-11-01T23:24:08","slug":"joaquim-de-almeida-regressa-a-portugal-e-reconstroi-lacos-com-a-filha","status":"publish","type":"post","link":"https:\/\/www.europesays.com\/pt\/135966\/","title":{"rendered":"Joaquim de Almeida regressa a Portugal e reconstr\u00f3i la\u00e7os com a filha"},"content":{"rendered":"<p data-remotead-prev-elm=\"true\" data-remotead-elm-id=\"inread\">Ap\u00f3s quase cinco d\u00e9cadas nos Estados Unidos, Joaquim de Almeida decidiu regressar a Portugal. O objetivo era claro: reencontrar a fam\u00edlia e recuperar o tempo perdido com os filhos. Em entrevista ao &#8220;Alta Defini\u00e7\u00e3o&#8221;, com Daniel Oliveira, o ator falou de forma \u00edntima sobre a dist\u00e2ncia que marcou a rela\u00e7\u00e3o com Ana, de 23 anos, e sobre o esfor\u00e7o que faz agora para estar mais presente na vida dos filhos.<\/p>\n<p>A aus\u00eancia afetou sobretudo a filha mais nova. &#8220;Separei-me da m\u00e3e [Carmo Risques] quando estava a fazer &#8220;24 Horas&#8221; em Los Angeles. Ela n\u00e3o se adaptou, vieram para tr\u00e1s e, portanto, acab\u00e1mos por nos separar. A\u00ed com a minha filha foi mais dif\u00edcil&#8221;, recordou Joaquim. Apesar das visitas frequentes do pai a Portugal, Ana nunca se envolveu nos filmes deste..<\/p>\n<p>&#8220;Eu vinha muito a Portugal para estar com ela, passava tempo comigo, mas nunca veio para os filmes, estava sempre muito longe. A Ana ainda est\u00e1 naquela idade, tem 23 anos. Tinha desistido da universidade, voltou para a universidade com muita felicidade minha porque entretanto queria fazer isto, queria fazer aquilo. Eu, aos 16 anos, decidi que queria ser ator e pronto. Percebo perfeitamente que ela n\u00e3o tenha decidido exatamente, agora parece que sim, voltou, est\u00e1 a fazer design. Acho que ela tem muito jeito para aquilo&#8221;, contou.<\/p>\n<p data-remotead-prev-elm=\"true\" data-remotead-elm-id=\"centro1\">Joaquim admite que agora sente uma rela\u00e7\u00e3o mais pr\u00f3xima com Ana. &#8220;Agora estamos a ficar com uma rela\u00e7\u00e3o melhor porque fazia-me sempre muita confus\u00e3o que ela desistisse das coisas&#8221;, afirmou. Enquanto Louren\u00e7o, de 32 anos, se orgulha da carreira do pai, Ana nunca se interessou muito pelos filmes de Joaquim. &#8220;Ela se calhar ficou um bocadinho magoada por eu n\u00e3o estar muito com ela. Lembro-me quando era pequena: as pessoas vinham pedir-me uma fotografia e ela pegava na minha m\u00e3o e dizia &#8220;este \u00e9 o meu pai&#8221;. Tinha essas rea\u00e7\u00f5es e acho que tem a ver com isso.&#8221;<\/p>\n<p>Hoje, Joaquim espera que a filha se interesse pelos filmes no futuro. &#8220;N\u00e3o me importo tanto que ela se tenha desassociado da minha carreira porque percebo as raz\u00f5es. Agora quero \u00e9 que seja feliz. No fim, o que queremos \u00e9 que eles sejam felizes&#8221;, confessou, sublinhando: &#8220;\u00c9 talvez a primeira vez que estou mais tempo com a minha filha, gosta de ir l\u00e1 a casa, jantamos, falamos mais.&#8221;<\/p>\n<p>Adeus Trump<\/p>\n<p>O regresso a Portugal aconteceu no in\u00edcio deste ano, depois de anos a ponderar a mudan\u00e7a. Houve um momento decisivo que levou o ator a tomar a decis\u00e3o. &#8220;Eu tive sempre essa no\u00e7\u00e3o de que queria voltar. Andava a decidir h\u00e1 dois anos, &#8220;venho, n\u00e3o venho&#8221;, e disse: &#8220;se o Donald Trump ganhar venho para Portugal&#8221;. E foi isso que aconteceu. N\u00e3o conseguia estar l\u00e1 mais quatro anos&#8221;, explicou.<\/p>\n<p data-remotead-prev-elm=\"true\" data-remotead-elm-id=\"centro2\">A venda da casa em Los Angeles coincidiu com os inc\u00eandios florestais que destru\u00edram milhares de habita\u00e7\u00f5es. &#8220;Fui para l\u00e1 este ano para vender a casa. Eu tenho outro apartamento em Nova Iorque, est\u00e1 l\u00e1 o meu filho, e esse \u00e9 para ficar. A outra casa recebeu logo uma proposta: &#8220;Pus \u00e0 venda, fui para o Brasil, isto era uma sexta-feira e domingo telefona-me a senhora que estava a vender a casa: &#8220;tem uma oferta&#8221; e eu fiquei &#8220;agora tenho mesmo de vender&#8221;, mas ajudou-me ao mesmo tempo. As pessoas que me compraram a casa tinham perdido tudo nos inc\u00eandios, portanto quiseram tudo. Ficaram com tudo, at\u00e9 com os len\u00e7\u00f3is. Isso ajudou-me de certa maneira.&#8221; A \u00fanica coisa que levei foram uns quadros&#8221;, contou.<\/p>\n<p>Perda dos pais<\/p>\n<p>Num registo ainda mais \u00edntimo, Joaquim de Almeida falou tamb\u00e9m da perda dos pais. Sobre a m\u00e3e, que morreu em 2007, v\u00edtima de Alzheimer, recordou o choque e a dor do momento.<\/p>\n<p>&#8220;Fui para os Estados Unidos porque tinha de ir filmar e disseram-me &#8220;vem que a m\u00e3e n\u00e3o deve durar muito&#8221; e depois eu vim, estive com ela, fui para os Estados Unidos e o meu irm\u00e3o telefona-me no dia antes de eu come\u00e7ar a filmar e eu sabia que ele me ia dizer que a minha m\u00e3e tinha morrido, mas \u00e9 aquela coisa: n\u00f3s todos est\u00e1vamos \u00e0 espera porque a minha m\u00e3e j\u00e1 estava numa condi\u00e7\u00e3o&#8230; o Alzheimer&#8230; Quer\u00edamos todos que a minha m\u00e3e morresse porque aquilo n\u00e3o era maneira de viver, mas mesmo sabendo isso ca\u00edram-me as l\u00e1grimas, desfiz-me em l\u00e1grimas.&#8221;<\/p>\n<p data-remotead-prev-elm=\"true\" data-remotead-elm-id=\"centro3\">Sobre o pai, que faleceu em 2020 aos 98 anos, contou: &#8220;Est\u00e1vamos todos preparados para celebrar os 100 anos do meu pai, mas n\u00e3o quis esperar pela empregada que estava a fazer o jantar, levantou-se, caiu e partiu o colo do f\u00e9mur. Foi operado, durou tr\u00eas dias, j\u00e1 n\u00e3o conseguiu. J\u00e1 n\u00e3o o via h\u00e1 uns tr\u00eas meses. Depois ele foi para o hospital e acabou por morrer no hospital. S\u00f3 um de n\u00f3s \u00e9 que podia l\u00e1 ir, foi uma das minhas irm\u00e3s. Foi triste, acabei por n\u00e3o o ver nos \u00faltimos tr\u00eas meses de vida, mas teve uma vida boa. Viveu at\u00e9 aos 98 anos.&#8221;<\/p>\n<p>Hoje, o ator procura concentrar-se na fam\u00edlia, na felicidade dos filhos e na vida em Portugal, depois de anos de sucesso em Hollywood, aproveitando cada momento que a dist\u00e2ncia lhe roubou.<\/p>\n","protected":false},"excerpt":{"rendered":"Ap\u00f3s quase cinco d\u00e9cadas nos Estados Unidos, Joaquim de Almeida decidiu regressar a Portugal. O objetivo era claro:&hellip;\n","protected":false},"author":2,"featured_media":135967,"comment_status":"","ping_status":"","sticky":false,"template":"","format":"standard","meta":{"footnotes":""},"categories":[145],"tags":[211,210,114,115,413,981,2595,28352,32,33],"class_list":{"0":"post-135966","1":"post","2":"type-post","3":"status-publish","4":"format-standard","5":"has-post-thumbnail","7":"category-celebridades","8":"tag-celebridades","9":"tag-celebrities","10":"tag-entertainment","11":"tag-entretenimento","12":"tag-eua","13":"tag-familia","14":"tag-hollywood","15":"tag-joaquim-de-almeida","16":"tag-portugal","17":"tag-pt"},"share_on_mastodon":{"url":"https:\/\/pubeurope.com\/@pt\/115477024800684523","error":""},"_links":{"self":[{"href":"https:\/\/www.europesays.com\/pt\/wp-json\/wp\/v2\/posts\/135966","targetHints":{"allow":["GET"]}}],"collection":[{"href":"https:\/\/www.europesays.com\/pt\/wp-json\/wp\/v2\/posts"}],"about":[{"href":"https:\/\/www.europesays.com\/pt\/wp-json\/wp\/v2\/types\/post"}],"author":[{"embeddable":true,"href":"https:\/\/www.europesays.com\/pt\/wp-json\/wp\/v2\/users\/2"}],"replies":[{"embeddable":true,"href":"https:\/\/www.europesays.com\/pt\/wp-json\/wp\/v2\/comments?post=135966"}],"version-history":[{"count":0,"href":"https:\/\/www.europesays.com\/pt\/wp-json\/wp\/v2\/posts\/135966\/revisions"}],"wp:featuredmedia":[{"embeddable":true,"href":"https:\/\/www.europesays.com\/pt\/wp-json\/wp\/v2\/media\/135967"}],"wp:attachment":[{"href":"https:\/\/www.europesays.com\/pt\/wp-json\/wp\/v2\/media?parent=135966"}],"wp:term":[{"taxonomy":"category","embeddable":true,"href":"https:\/\/www.europesays.com\/pt\/wp-json\/wp\/v2\/categories?post=135966"},{"taxonomy":"post_tag","embeddable":true,"href":"https:\/\/www.europesays.com\/pt\/wp-json\/wp\/v2\/tags?post=135966"}],"curies":[{"name":"wp","href":"https:\/\/api.w.org\/{rel}","templated":true}]}}