{"id":135970,"date":"2025-11-01T23:28:15","date_gmt":"2025-11-01T23:28:15","guid":{"rendered":"https:\/\/www.europesays.com\/pt\/135970\/"},"modified":"2025-11-01T23:28:15","modified_gmt":"2025-11-01T23:28:15","slug":"grupo-massa-e-tv-evangelizar-firmam-parceria-inedita-para-o-outubro-rosa-2025","status":"publish","type":"post","link":"https:\/\/www.europesays.com\/pt\/135970\/","title":{"rendered":"Grupo Massa e TV Evangelizar firmam parceria in\u00e9dita para o Outubro Rosa 2025"},"content":{"rendered":"<p>O <strong>Grupo Massa<\/strong> e a <strong>TV Evangelizar<\/strong> firmaram, em 2025, uma parceria in\u00e9dita para a realiza\u00e7\u00e3o das a\u00e7\u00f5es do <strong>Outubro Rosa<\/strong>, campanha voltada \u00e0 conscientiza\u00e7\u00e3o e \u00e0 preven\u00e7\u00e3o do c\u00e2ncer de mama. A iniciativa teve como objetivo apoiar o <strong>Hospital Erasto Gaertner<\/strong>, refer\u00eancia nacional no tratamento oncol\u00f3gico, e ampliou a abrang\u00eancia do movimento com uma cobertura multiplataforma de alcance nacional.<\/p>\n<p>Durante cerca de 60 dias, o projeto envolveu a\u00e7\u00f5es conjuntas entre televis\u00e3o, r\u00e1dio, plataformas digitais e eventos presenciais em diferentes regi\u00f5es do Paran\u00e1. A mobiliza\u00e7\u00e3o utilizou a comunica\u00e7\u00e3o integrada para difundir informa\u00e7\u00f5es sobre preven\u00e7\u00e3o e estimular a solidariedade.<\/p>\n<p>Entre as a\u00e7\u00f5es, destacou-se um <strong>programa especial de TV ao vivo com tr\u00eas horas de dura\u00e7\u00e3o<\/strong>, transmitido simultaneamente pela <strong>Rede Massa | SBT<\/strong> e pela <strong>TV Evangelizar<\/strong>. O conte\u00fado combinou entrevistas, apresenta\u00e7\u00f5es e depoimentos, com foco na arrecada\u00e7\u00e3o de recursos e no incentivo ao diagn\u00f3stico precoce do c\u00e2ncer de mama.\u00a0Al\u00e9m da exibi\u00e7\u00e3o televisiva, a campanha contou com uma <strong>cobertura digital multiplataforma<\/strong>, envolvendo redes sociais, portais de not\u00edcia e transmiss\u00f5es simult\u00e2neas nos canais do YouTube das duas emissoras e da <strong>Massa FM<\/strong>, ampliando o alcance da mensagem.<\/p>\n<p style=\"text-align: center;\"><img decoding=\"async\" alt=\"\" src=\"https:\/\/www.europesays.com\/pt\/wp-content\/uploads\/2025\/11\/690613b22329b.jpg\" style=\"height:405px; width:600px\" \/><\/p>\n<p><strong>A\u00e7\u00f5es regionais e mobiliza\u00e7\u00e3o social<\/strong><\/p>\n<p>As regionais da <strong>Rede Massa | SBT<\/strong> tamb\u00e9m participaram da campanha, promovendo atividades locais em cidades como <strong>Foz do Igua\u00e7u<\/strong>, <strong>Maring\u00e1<\/strong>, <strong>Londrina<\/strong>, <strong>Ponta Grossa<\/strong> e <strong>Guarapuava<\/strong>. As a\u00e7\u00f5es envolveram empresas, institui\u00e7\u00f5es e comunidades, consolidando o movimento como uma corrente estadual de conscientiza\u00e7\u00e3o.\u00a0Na v\u00e9spera do programa especial, foi realizado um <strong>coquetel e jantar de agradecimento<\/strong> a parceiros, patrocinadores e colaboradores, encerrando as a\u00e7\u00f5es e celebrando o engajamento dos envolvidos.<\/p>\n<p>O apresentador <strong>Ratinho<\/strong>, idealizador do projeto no Grupo Massa, destacou o crescimento da campanha e a import\u00e2ncia da parceria com a TV Evangelizar: \u201c\u00c9 o nono ano que realizamos o Outubro Rosa Grupo Massa, e desta vez tivemos o refor\u00e7o da TV Evangelizar, com o Padre Reginaldo Manzotti, ampliando ainda mais o alcance da campanha\u201d, afirmou.<\/p>\n<p>O <strong>presidente do Grupo Massa<\/strong>, <strong>Gabriel Massa<\/strong>, ressaltou o car\u00e1ter colaborativo da iniciativa: \u201cEsta parceria refor\u00e7a a import\u00e2ncia da uni\u00e3o de for\u00e7as em prol de causas que impactam a vida das pessoas e demonstram o papel social da comunica\u00e7\u00e3o\u201d, enfatizou.<\/p>\n<p>O <strong>diretor-geral da TV e R\u00e1dio Evangelizar<\/strong>, <strong>Jos\u00e9 de Melo<\/strong>, enfatizou o prop\u00f3sito da a\u00e7\u00e3o conjunta: \u201cEstamos juntos para sensibilizar as fam\u00edlias e as mulheres sobre a import\u00e2ncia da preven\u00e7\u00e3o e do diagn\u00f3stico precoce\u201d, destacou.<\/p>\n<p>O <strong>diretor-executivo do Hospital Erasto Gaertner<\/strong>, <strong>Fernando de Oliveira<\/strong>, ressaltou o impacto da campanha: \u201cA abrang\u00eancia da Rede Massa e da TV Evangelizar nos permite alcan\u00e7ar locais onde normalmente n\u00e3o conseguimos chegar, ampliando a visibilidade do nosso trabalho e das a\u00e7\u00f5es em prol da sa\u00fade.\u201d<\/p>\n<p><strong>Alcance e resultados<\/strong><\/p>\n<p>De acordo com dados da Kantar IBOPE Media, a transmiss\u00e3o do especial alcan\u00e7ou <strong>mais de 85 mil telespectadores na Grande Curitiba<\/strong>. Pela TV Evangelizar, o sinal chegou a <strong>1.500 munic\u00edpios brasileiros<\/strong>, atingindo cerca de <strong>60 milh\u00f5es de pessoas<\/strong>, o equivalente a 30% da popula\u00e7\u00e3o do pa\u00eds.<\/p>\n<p>Nas plataformas digitais, os conte\u00fados publicados pela <strong>Rede Massa<\/strong> e pela <strong>Massa FM<\/strong> ultrapassaram <strong>2 milh\u00f5es de visualiza\u00e7\u00f5es<\/strong>, enquanto os canais do grupo no YouTube somaram mais de <strong>4 mil acessos<\/strong>.<\/p>\n<p>Durante a campanha, foram produzidas <strong>357 publica\u00e7\u00f5es<\/strong> e <strong>10 mat\u00e9rias<\/strong> no portal <strong>Massa.com.br<\/strong>, al\u00e9m da participa\u00e7\u00e3o das <strong>85 emissoras da Massa FM<\/strong>, que integraram as a\u00e7\u00f5es em rede nacional. Somaram-se ainda <strong>730 inser\u00e7\u00f5es comerciais e institucionais<\/strong> nas r\u00e1dios e TVs do grupo, refor\u00e7ando a mensagem de preven\u00e7\u00e3o e solidariedade.<\/p>\n<p>A parceria entre o <strong>Grupo Massa<\/strong> e a <strong>TV Evangelizar<\/strong> representou um avan\u00e7o na comunica\u00e7\u00e3o voltada a causas sociais, consolidando um modelo colaborativo de m\u00eddia que une prop\u00f3sito e informa\u00e7\u00e3o. O <strong>Outubro Rosa 2025<\/strong> destacou o papel do r\u00e1dio e da televis\u00e3o na promo\u00e7\u00e3o da conscientiza\u00e7\u00e3o e na valoriza\u00e7\u00e3o da preven\u00e7\u00e3o ao c\u00e2ncer de mama em todo o pa\u00eds.<\/p>\n<p>&#13;<br \/>\n\t\t\t\tTags:&#13;<br \/>\n\t\t\t\tGrupo Massa, TV Evangelizar, Outubro Rosa, Hospital Erasto Gaertner, Campanha Multiplataforma, R\u00e1dio e TV, Comunica\u00e7\u00e3o Social&#13;\n\t\t\t<\/p>\n","protected":false},"excerpt":{"rendered":"O Grupo Massa e a TV Evangelizar firmaram, em 2025, uma parceria in\u00e9dita para a realiza\u00e7\u00e3o das a\u00e7\u00f5es&hellip;\n","protected":false},"author":2,"featured_media":135971,"comment_status":"","ping_status":"","sticky":false,"template":"","format":"standard","meta":{"footnotes":""},"categories":[141],"tags":[30550,4098,114,115,30547,30549,149,150,23543,32,33,30551,30548],"class_list":{"0":"post-135970","1":"post","2":"type-post","3":"status-publish","4":"format-standard","5":"has-post-thumbnail","7":"category-musica","8":"tag-campanha-multiplataforma","9":"tag-comunicacao-social","10":"tag-entertainment","11":"tag-entretenimento","12":"tag-grupo-massa","13":"tag-hospital-erasto-gaertner","14":"tag-music","15":"tag-musica","16":"tag-outubro-rosa","17":"tag-portugal","18":"tag-pt","19":"tag-radio-e-tv","20":"tag-tv-evangelizar"},"share_on_mastodon":{"url":"https:\/\/pubeurope.com\/@pt\/115477040938066416","error":""},"_links":{"self":[{"href":"https:\/\/www.europesays.com\/pt\/wp-json\/wp\/v2\/posts\/135970","targetHints":{"allow":["GET"]}}],"collection":[{"href":"https:\/\/www.europesays.com\/pt\/wp-json\/wp\/v2\/posts"}],"about":[{"href":"https:\/\/www.europesays.com\/pt\/wp-json\/wp\/v2\/types\/post"}],"author":[{"embeddable":true,"href":"https:\/\/www.europesays.com\/pt\/wp-json\/wp\/v2\/users\/2"}],"replies":[{"embeddable":true,"href":"https:\/\/www.europesays.com\/pt\/wp-json\/wp\/v2\/comments?post=135970"}],"version-history":[{"count":0,"href":"https:\/\/www.europesays.com\/pt\/wp-json\/wp\/v2\/posts\/135970\/revisions"}],"wp:featuredmedia":[{"embeddable":true,"href":"https:\/\/www.europesays.com\/pt\/wp-json\/wp\/v2\/media\/135971"}],"wp:attachment":[{"href":"https:\/\/www.europesays.com\/pt\/wp-json\/wp\/v2\/media?parent=135970"}],"wp:term":[{"taxonomy":"category","embeddable":true,"href":"https:\/\/www.europesays.com\/pt\/wp-json\/wp\/v2\/categories?post=135970"},{"taxonomy":"post_tag","embeddable":true,"href":"https:\/\/www.europesays.com\/pt\/wp-json\/wp\/v2\/tags?post=135970"}],"curies":[{"name":"wp","href":"https:\/\/api.w.org\/{rel}","templated":true}]}}