{"id":135982,"date":"2025-11-01T23:35:10","date_gmt":"2025-11-01T23:35:10","guid":{"rendered":"https:\/\/www.europesays.com\/pt\/135982\/"},"modified":"2025-11-01T23:35:10","modified_gmt":"2025-11-01T23:35:10","slug":"policia-diz-que-varias-pessoas-foram-esfaqueadas-em-comboio-observador","status":"publish","type":"post","link":"https:\/\/www.europesays.com\/pt\/135982\/","title":{"rendered":"Pol\u00edcia diz que v\u00e1rias pessoas foram esfaqueadas em comboio \u2013 Observador"},"content":{"rendered":"<p>As autoridades brit\u00e2nicas revelaram que \u201cv\u00e1rias pessoas foram esfaqueadas\u201d este s\u00e1bado num comboio que viajava para Huntingdon, no distrito de Cambridgeshire. A Pol\u00edcia de Transporte anunciou, citada pela <a href=\"https:\/\/news.sky.com\/story\/train-stabbing-latest-two-arrested-after-multiple-people-stabbed-13462248\" target=\"_blank\" rel=\"noopener nofollow\">Sky News<\/a>, que foram detidas dois indiv\u00edduos. Segundo o canal brit\u00e2nico, a esta\u00e7\u00e3o encontra-se fechada e a circula\u00e7\u00e3o de comboios em volta cortada.<\/p>\n<p>Um porta-voz do Servi\u00e7o de Ambul\u00e2ncia indicou \u00e0 <a href=\"https:\/\/www.bbc.com\/news\/live\/cm2zvjx1z14t\" target=\"_blank\" rel=\"noopener nofollow\">BBC<\/a> que receberam o alerta para um esfaqueamento \u00e0s 19h39. \u201cMobiliz\u00e1mos uma resposta em larga escala para a esta\u00e7\u00e3o de comboios de Huntingdon, que incluiu numerosas ambul\u00e2ncias, comandantes t\u00e1ticos, a nossa Equipa de Resposta a \u00c1reas de Risco e equipas de cuidados intensivos\u201d, apontou, confirmando que v\u00e1rios feridos foram transportados para o hospital.<\/p>\n<p>Testemunhas disseram \u00e0 Sky News que o ataque come\u00e7ou cerca de dez minutos depois da partida do comboio de Peterborough. Explicaram que viram v\u00e1rias feridos a fugir no comboio, perseguidos por uma pessoa com uma faca.<\/p>\n<p>O primeiro-ministro j\u00e1 reagiu \u00e0s not\u00edcias sobre o esfaqueamento perto de Huntingdon, que descreveu como \u201cprofundamente preocupante\u201d. \u201cOs meus pensamentos est\u00e3o com todos os afetados e o meu agradecimento aos servi\u00e7os de emerg\u00eancia pela sua atua\u00e7\u00e3o\u201d, <a href=\"https:\/\/twitter.com\/Keir_Starmer\/status\/1984743058856869942\" target=\"_blank\" rel=\"noopener nofollow\">escreveu<\/a> na rede social X. Keir Starmer pediu que todas as pessoas na \u00e1rea sigam as orienta\u00e7\u00f5es da pol\u00edcia.<\/p>\n<blockquote class=\"twitter-tweet\" data-width=\"500\" data-dnt=\"true\">\n<p lang=\"en\" dir=\"ltr\">The appalling incident on a train near Huntingdon is deeply concerning.<\/p>\n<p>My thoughts are with all those affected, and my thanks go to the emergency services for their response.<\/p>\n<p>Anyone in the area should follow the advice of the police.<\/p>\n<p>\u2014 Keir Starmer (@Keir_Starmer) <a href=\"https:\/\/twitter.com\/Keir_Starmer\/status\/1984743058856869942?ref_src=twsrc%5Etfw\" rel=\"nofollow noopener\" target=\"_blank\">November 1, 2025<\/a><\/p>\n<\/blockquote>\n<p>A ministra do Interior brit\u00e2nica tamb\u00e9m lamentou o caso. \u201cDois suspeitos foram imediatamente detidos e levados sob cust\u00f3dia. Estou a receber atualiza\u00e7\u00f5es regulares sobre a investiga\u00e7\u00e3o\u201d, afirmou. Shabana Mahmood deixou um apelo para que, numa fase em que o incidente ainda est\u00e1 a ser investigado, se evite a especula\u00e7\u00e3o.<\/p>\n<blockquote class=\"twitter-tweet\" data-width=\"500\" data-dnt=\"true\">\n<p lang=\"en\" dir=\"ltr\">I am deeply saddened to hear about the stabbings in Huntingdon. <\/p>\n<p>My thoughts go out to all those affected. <\/p>\n<p>Two suspects have been immediately arrested and taken into custody. <\/p>\n<p>I am receiving regular updates on the investigation. <\/p>\n<p>I urge people to avoid comment and\u2026<\/p>\n<p>\u2014 Shabana Mahmood MP (@ShabanaMahmood) <a href=\"https:\/\/twitter.com\/ShabanaMahmood\/status\/1984743811658940673?ref_src=twsrc%5Etfw\" rel=\"nofollow noopener\" target=\"_blank\">November 1, 2025<\/a><\/p>\n<\/blockquote>\n<p>            <script async src=\"https:\/\/platform.twitter.com\/widgets.js\" charset=\"utf-8\"><\/script><\/p>\n","protected":false},"excerpt":{"rendered":"As autoridades brit\u00e2nicas revelaram que \u201cv\u00e1rias pessoas foram esfaqueadas\u201d este s\u00e1bado num comboio que viajava para Huntingdon, no&hellip;\n","protected":false},"author":2,"featured_media":135983,"comment_status":"","ping_status":"","sticky":false,"template":"","format":"standard","meta":{"footnotes":""},"categories":[50],"tags":[27,28,604,445,15,16,14,25,26,21,22,62,12,13,19,20,23,24,713,58,17,18,29,30,31,63,64,65],"class_list":{"0":"post-135982","1":"post","2":"type-post","3":"status-publish","4":"format-standard","5":"has-post-thumbnail","7":"category-mundo","8":"tag-breaking-news","9":"tag-breakingnews","10":"tag-crime","11":"tag-europa","12":"tag-featured-news","13":"tag-featurednews","14":"tag-headlines","15":"tag-latest-news","16":"tag-latestnews","17":"tag-main-news","18":"tag-mainnews","19":"tag-mundo","20":"tag-news","21":"tag-noticias","22":"tag-noticias-principais","23":"tag-noticiasprincipais","24":"tag-principais-noticias","25":"tag-principaisnoticias","26":"tag-reino-unido","27":"tag-sociedade","28":"tag-top-stories","29":"tag-topstories","30":"tag-ultimas","31":"tag-ultimas-noticias","32":"tag-ultimasnoticias","33":"tag-world","34":"tag-world-news","35":"tag-worldnews"},"share_on_mastodon":{"url":"https:\/\/pubeurope.com\/@pt\/115477068248471566","error":""},"_links":{"self":[{"href":"https:\/\/www.europesays.com\/pt\/wp-json\/wp\/v2\/posts\/135982","targetHints":{"allow":["GET"]}}],"collection":[{"href":"https:\/\/www.europesays.com\/pt\/wp-json\/wp\/v2\/posts"}],"about":[{"href":"https:\/\/www.europesays.com\/pt\/wp-json\/wp\/v2\/types\/post"}],"author":[{"embeddable":true,"href":"https:\/\/www.europesays.com\/pt\/wp-json\/wp\/v2\/users\/2"}],"replies":[{"embeddable":true,"href":"https:\/\/www.europesays.com\/pt\/wp-json\/wp\/v2\/comments?post=135982"}],"version-history":[{"count":0,"href":"https:\/\/www.europesays.com\/pt\/wp-json\/wp\/v2\/posts\/135982\/revisions"}],"wp:featuredmedia":[{"embeddable":true,"href":"https:\/\/www.europesays.com\/pt\/wp-json\/wp\/v2\/media\/135983"}],"wp:attachment":[{"href":"https:\/\/www.europesays.com\/pt\/wp-json\/wp\/v2\/media?parent=135982"}],"wp:term":[{"taxonomy":"category","embeddable":true,"href":"https:\/\/www.europesays.com\/pt\/wp-json\/wp\/v2\/categories?post=135982"},{"taxonomy":"post_tag","embeddable":true,"href":"https:\/\/www.europesays.com\/pt\/wp-json\/wp\/v2\/tags?post=135982"}],"curies":[{"name":"wp","href":"https:\/\/api.w.org\/{rel}","templated":true}]}}