{"id":135984,"date":"2025-11-01T23:36:15","date_gmt":"2025-11-01T23:36:15","guid":{"rendered":"https:\/\/www.europesays.com\/pt\/135984\/"},"modified":"2025-11-01T23:36:15","modified_gmt":"2025-11-01T23:36:15","slug":"anticiclone-garante-um-inicio-de-semana-mais-estavel-em-portugal-saiba-ate-quando","status":"publish","type":"post","link":"https:\/\/www.europesays.com\/pt\/135984\/","title":{"rendered":"anticiclone garante um in\u00edcio de semana mais est\u00e1vel em Portugal. Saiba at\u00e9 quando"},"content":{"rendered":"<p> <img decoding=\"async\" fetchpriority=\"high\" src=\"https:\/\/www.europesays.com\/pt\/wp-content\/uploads\/2025\/11\/dailymotion-x9t1eh6_1024.jpg\"  width=\"768\" height=\"432\" id=\"x9t1eh6\"\/>  <\/p>\n<p>Entre s\u00e1bado e quarta-feira, o tempo em Portugal continental evoluir\u00e1 de chuva intensa e passagem de uma frente fria para um in\u00edcio de semana est\u00e1vel e seco, voltando depois a registar precipita\u00e7\u00e3o com nova frente atl\u00e2ntica.<\/p>\n<p>    <img decoding=\"async\" fetchpriority=\"high\" src=\"https:\/\/www.europesays.com\/pt\/wp-content\/uploads\/2025\/10\/marta-godinho.jpg\" alt=\"Marta Godinho\" width=\"40\" height=\"40\"\/>    <a class=\"nombre text-hv\" href=\"https:\/\/www.tempo.pt\/autor\/marta-godinho\/\" title=\"Marta Godinho\" rel=\"nofollow noopener\" target=\"_blank\">Marta Godinho<\/a>      01\/11\/2025 11:57   5 min   <\/p>\n<p>Durante a tarde de s\u00e1bado, 1 de novembro, a partir das 15h, a frente fria que tem afetado o pa\u00eds come\u00e7ar\u00e1 a deslocar-se progressivamente para sul, perdendo intensidade no seu trajeto. \u00c0 medida que o sistema avan\u00e7a, o<strong> Norte de Portugal ver\u00e1 uma redu\u00e7\u00e3o significativa da precipita\u00e7\u00e3o<\/strong>, com o c\u00e9u a tornar-se gradualmente menos nublado e o tempo a estabilizar.<\/p>\n<p> Seja o primeiro a receber as previs\u00f5es gra\u00e7as ao <strong><a href=\"https:\/\/www.whatsapp.com\/channel\/0029VaxX6njIyPtRY4lOMd1b\" target=\"_blank\" rel=\"nofollow noopener\">nosso canal do WhatsApp<\/a><\/strong>. Siga-nos e ative as notifica\u00e7\u00f5es.<\/p>\n<p>Por outro lado, <strong>as regi\u00f5es do centro e sul,<\/strong> em especial Portalegre, Castelo Branco, Guarda, \u00c9vora e Beja ainda dever\u00e3o registar <strong>chuva localmente moderada, com acumulados hor\u00e1rios entre 2 e 3.5 mm\/h<\/strong>, pontualmente superiores nas zonas de relevo. O vento soprar\u00e1 de sudoeste moderado, podendo intensificar-se nas terras altas e no litoral alentejano.<\/p>\n<p><img loading=\"lazy\" decoding=\"async\" fetchpriority=\"low\" class=\"lazy \" src=\"https:\/\/www.europesays.com\/pt\/wp-content\/uploads\/2025\/11\/depois-da-chuva-vem-a-calma-anticiclone-garante-um-inicio-de-semana-mais-estavel-em-portugal-1761994.png\"  width=\"768\" height=\"432\" alt=\"Mapa atmosf\u00e9rico: Chuva\" title=\"Mapa atmosf\u00e9rico: Chuva\" data-image=\"gdd0l710cltr\"\/> Observa-se a frente fria a deslocar-se de norte para sul, concentrando chuva moderada nas regi\u00f5es do Centro, Interior Norte e Alentejo, especialmente em Castelo Branco, Guarda, Portalegre e \u00c9vora, enquanto o Norte do pa\u00eds come\u00e7a a ficar com tempo mais seco.<\/p>\n<p>Esta frente fria dever\u00e1 continuar a descer durante a noite, <strong>atingindo o Baixo Alentejo e o Algarve j\u00e1 com menor for\u00e7a<\/strong>, marcando assim o <strong>final do epis\u00f3dio de instabilidade<\/strong> que dominou o tempo desde o in\u00edcio de sexta-feira.<\/p>\n<p> Depois do temporal, chega um domingo de maior tranquilidade atmosf\u00e9rica<\/p>\n<p>A partir de domingo (2), uma <strong>crista anticicl\u00f3nica<\/strong> come\u00e7ar\u00e1 a influenciar o estado do tempo, promovendo uma <strong>melhoria gradual<\/strong>. A chuva dever\u00e1 <strong>dissipar-se quase por completo<\/strong>, o <strong>vento enfraquecer\u00e1<\/strong> e o <strong>c\u00e9u apresentar\u00e1 abertas<\/strong>, embora ainda possam ocorrer <strong>chuviscos isolados no Alto Minho<\/strong>.<\/p>\n<p> No domingo, 2 de novembro, as <strong>temperaturas m\u00e1ximas ter\u00e3o uma<\/strong> <strong>descida <\/strong>face aos valores mais elevados sentidos na \u00faltima semana. As <strong>m\u00e1ximas dever\u00e3o oscilar entre 13 \u00baC e 16 \u00baC no norte e 22 \u00baC em Lisboa e Faro<\/strong>, e valores em torno dos <strong>17 \u00baC a 20 \u00baC nas cidades do interior centro e sul<\/strong>. Este per\u00edodo mais est\u00e1vel marcar\u00e1 uma pausa breve no padr\u00e3o de instabilidade.<\/p>\n<p>Esta ligeira quebra t\u00e9rmica resulta da passagem da frente fria e da entrada de uma massa de ar mais fresco, que deixar\u00e1 o ambiente mais est\u00e1vel, mas com sensa\u00e7\u00e3o t\u00e9rmica mais fresca, sobretudo nas primeiras horas da manh\u00e3 e ao final do dia.<\/p>\n<p>Segunda-feira, 3 de novembro, ser\u00e1 um dia <strong>calmo e est\u00e1vel em todo o territ\u00f3rio continental<\/strong>, com <strong>aus\u00eancia de precipita\u00e7\u00e3o<\/strong> e <strong>c\u00e9u limpo durante grande parte do dia<\/strong>. Haver\u00e1 <strong>per\u00edodos prolongados de sol<\/strong> de norte a sul. O ambiente manter-se-\u00e1 <strong>agrad\u00e1vel e sereno<\/strong>, ideal para atividades ao ar livre.<\/p>\n<p><img loading=\"lazy\" decoding=\"async\" fetchpriority=\"low\" class=\"lazy \" src=\"https:\/\/www.europesays.com\/pt\/wp-content\/uploads\/2025\/11\/depois-da-chuva-vem-a-calma-anticiclone-garante-um-inicio-de-semana-mais-estavel-em-portugal-1761995.png\"  width=\"768\" height=\"432\" alt=\"Mapa atmosf\u00e9rico: Nebulosidade\" title=\"Mapa atmosf\u00e9rico: Nebulosidade\" data-image=\"4zwrh59kzku9\"\/> A aus\u00eancia de tons acinzentados sobre Portugal continental indica a probabilidade praticamente nula de cobertura de nuvens, sinal de um dia muito limpo e est\u00e1vel em todo o territ\u00f3rio.<\/p>\n<p>No entanto, esta <strong>acalmia ser\u00e1 tempor\u00e1ria<\/strong>. Os modelos indicam que o anticiclone n\u00e3o ser\u00e1 suficientemente robusto para bloquear novas perturba\u00e7\u00f5es atl\u00e2nticas. <\/p>\n<p> Instabilidade aumenta a meio da semana com o avan\u00e7o de uma frente fria atl\u00e2ntica <\/p>\n<p>Durante o dia de ter\u00e7a-feira (4), a probabilidade de <strong>precipita\u00e7\u00e3o dever\u00e1 concentrar-se apenas no Norte e litoral centro<\/strong>, associada \u00e0 passagem de uma <strong>ondula\u00e7\u00e3o frontal ligada a uma depress\u00e3o secund\u00e1ria<\/strong> que se formar\u00e1 a noroeste da Pen\u00ednsula Ib\u00e9rica e avan\u00e7ar\u00e1 em dire\u00e7\u00e3o \u00e0s Ilhas Brit\u00e2nicas. <\/p>\n<p><img loading=\"lazy\" decoding=\"async\" fetchpriority=\"low\" class=\"lazy \" src=\"https:\/\/www.europesays.com\/pt\/wp-content\/uploads\/2025\/11\/1762040175_204_depois-da-chuva-vem-a-calma-anticiclone-garante-um-inicio-de-semana-mais-estavel-em-portugal-1761995.png\"  width=\"768\" height=\"432\" alt=\"Mapa atmosf\u00e9rico: Probabilidade de chuva\" title=\"Mapa atmosf\u00e9rico: Probabilidade de chuva\" data-image=\"36tr9xpanbvw\"\/> Ter\u00e7a-feira, 4 de novembro, \u00e0s 12:00 o mapa de probabilidade de chuva demonstra tonalidades de azul, que indicam baixa probabilidade de precipita\u00e7\u00e3o (15\u201340%) em regi\u00f5es do litoral e centro enquanto que o verde e amarelo assinalam probabilidades crescentes de chuva para Braga.<\/p>\n<p>Na <strong>quarta-feira, 5 de novembro<\/strong>, o estado do tempo continua a agravar-se com a aproxima\u00e7\u00e3o e passagem de uma <strong>frente fria mais estruturada e ativa<\/strong>, que trar\u00e1 <strong>chuva generalizada a todo o territ\u00f3rio continental<\/strong>. <\/p>\n<p><a class=\"imagen \" href=\"https:\/\/www.tempo.pt\/noticias\/previsao\/mudancas-no-tempo-da-proxima-semana-em-portugal-uma-frente-com-chuva-vai-conseguir-quebrar-o-bloqueio-anticiclonico.html\" title=\"Mudan\u00e7as no tempo da pr\u00f3xima semana em Portugal: uma frente com chuva vai conseguir quebrar o bloqueio anticicl\u00f3nico\" rel=\"nofollow noopener\" target=\"_blank\"><img loading=\"lazy\" decoding=\"async\" fetchpriority=\"low\" class=\"lazy img-body non-editable\" src=\"https:\/\/www.europesays.com\/pt\/wp-content\/uploads\/2025\/11\/mudancas-no-tempo-da-proxima-semana-em-portugal-uma-frente-com-chuva-vai-conseguir-quebrar-o-bloquei.png\"  width=\"320\" height=\"225\" alt=\"Mudan\u00e7as no tempo da pr\u00f3xima semana em Portugal: uma frente com chuva vai conseguir quebrar o bloqueio anticicl\u00f3nico\"\/><\/a><\/p>\n<p>A precipita\u00e7\u00e3o dever\u00e1 avan\u00e7ar de <strong>noroeste para sudeste<\/strong>, afetando inicialmente o Minho e Douro Litoral e progredindo depois para o interior e para as regi\u00f5es do Sul.<\/p>\n","protected":false},"excerpt":{"rendered":"Entre s\u00e1bado e quarta-feira, o tempo em Portugal continental evoluir\u00e1 de chuva intensa e passagem de uma frente&hellip;\n","protected":false},"author":2,"featured_media":135985,"comment_status":"","ping_status":"","sticky":false,"template":"","format":"standard","meta":{"footnotes":""},"categories":[10],"tags":[27,28,2139,1531,15,16,2140,14,25,26,21,22,606,12,13,19,20,32,1429,23,24,33,7069,12325,4116,17,18,29,30,31],"class_list":{"0":"post-135984","1":"post","2":"type-post","3":"status-publish","4":"format-standard","5":"has-post-thumbnail","7":"category-portugal","8":"tag-breaking-news","9":"tag-breakingnews","10":"tag-chuva","11":"tag-depressao","12":"tag-featured-news","13":"tag-featurednews","14":"tag-frente-fria","15":"tag-headlines","16":"tag-latest-news","17":"tag-latestnews","18":"tag-main-news","19":"tag-mainnews","20":"tag-meteorologia","21":"tag-news","22":"tag-noticias","23":"tag-noticias-principais","24":"tag-noticiasprincipais","25":"tag-portugal","26":"tag-previsao-do-tempo","27":"tag-principais-noticias","28":"tag-principaisnoticias","29":"tag-pt","30":"tag-tempo-para-amanha","31":"tag-tempo-proxima-semana","32":"tag-tempo-proximos-dias","33":"tag-top-stories","34":"tag-topstories","35":"tag-ultimas","36":"tag-ultimas-noticias","37":"tag-ultimasnoticias"},"share_on_mastodon":{"url":"","error":"Validation failed: Text character limit of 500 exceeded"},"_links":{"self":[{"href":"https:\/\/www.europesays.com\/pt\/wp-json\/wp\/v2\/posts\/135984","targetHints":{"allow":["GET"]}}],"collection":[{"href":"https:\/\/www.europesays.com\/pt\/wp-json\/wp\/v2\/posts"}],"about":[{"href":"https:\/\/www.europesays.com\/pt\/wp-json\/wp\/v2\/types\/post"}],"author":[{"embeddable":true,"href":"https:\/\/www.europesays.com\/pt\/wp-json\/wp\/v2\/users\/2"}],"replies":[{"embeddable":true,"href":"https:\/\/www.europesays.com\/pt\/wp-json\/wp\/v2\/comments?post=135984"}],"version-history":[{"count":0,"href":"https:\/\/www.europesays.com\/pt\/wp-json\/wp\/v2\/posts\/135984\/revisions"}],"wp:featuredmedia":[{"embeddable":true,"href":"https:\/\/www.europesays.com\/pt\/wp-json\/wp\/v2\/media\/135985"}],"wp:attachment":[{"href":"https:\/\/www.europesays.com\/pt\/wp-json\/wp\/v2\/media?parent=135984"}],"wp:term":[{"taxonomy":"category","embeddable":true,"href":"https:\/\/www.europesays.com\/pt\/wp-json\/wp\/v2\/categories?post=135984"},{"taxonomy":"post_tag","embeddable":true,"href":"https:\/\/www.europesays.com\/pt\/wp-json\/wp\/v2\/tags?post=135984"}],"curies":[{"name":"wp","href":"https:\/\/api.w.org\/{rel}","templated":true}]}}