{"id":135990,"date":"2025-11-01T23:41:10","date_gmt":"2025-11-01T23:41:10","guid":{"rendered":"https:\/\/www.europesays.com\/pt\/135990\/"},"modified":"2025-11-01T23:41:10","modified_gmt":"2025-11-01T23:41:10","slug":"inacreditavel-joana-diniz-muda-visual-a-ex-concorrente-e-nao-vai-acreditar-no-resultado-secret-story","status":"publish","type":"post","link":"https:\/\/www.europesays.com\/pt\/135990\/","title":{"rendered":"Inacredit\u00e1vel: Joana Diniz muda visual a ex-concorrente e n\u00e3o vai acreditar no resultado &#8211; Secret Story"},"content":{"rendered":"<p data-end=\"437\" data-start=\"196\">Joana Diniz voltou a mostrar o seu talento como cabeleireira, desta vez com um toque de Halloween. A ex-concorrente da \u201cCasa dos Segredos\u201d revelou nas redes sociais o <strong data-end=\"394\" data-start=\"363\">novo visual de Jo\u00e3o Ricardo<\/strong>, que deixou os seguidores surpreendidos.<\/p>\n<p data-end=\"650\" data-start=\"439\">\u00abQuando o imposs\u00edvel vira poss\u00edvel \ud83d\ude1c\ud83d\ude1c\ud83d\ude1c\u00bb, escreveu Joana na legenda da publica\u00e7\u00e3o, onde apresentou o resultado final e desafiou os f\u00e3s: \u00abEst\u00e1 aprovado? De 0 (o m\u00ednimo) a 10 (m\u00e1ximo), qual a nota que d\u00e3o???\u00bb.<\/p>\n<blockquote class=\"instagram-media\" data-instgrm-captioned=\"\" data-instgrm-permalink=\"https:\/\/www.instagram.com\/reel\/DQfZYrAAi7D\/?utm_source=ig_embed&amp;utm_campaign=loading\" data-instgrm-version=\"14\" style=\" background:#FFF; border:0; border-radius:3px; box-shadow:0 0 1px 0 rgba(0,0,0,0.5),0 1px 10px 0 rgba(0,0,0,0.15); margin: 1px; max-width:540px; min-width:326px; padding:0; width:99.375%; width:-webkit-calc(100% - 2px); width:calc(100% - 2px);\">\n<\/blockquote>\n<p data-end=\"963\" data-start=\"652\">O v\u00eddeo, que rapidamente se tornou viral, mostra o momento da transforma\u00e7\u00e3o e evidencia a <a href=\"https:\/\/tvi.iol.pt\/secretstory\/joana-diniz\/joao-ricardo\/joao-ricardo-ja-nao-esconde-o-amor-por-esta-ex-concorrente-gata\" rel=\"nofollow noopener\" target=\"_blank\">boa disposi\u00e7\u00e3o entre os dois amigos.<\/a> Jo\u00e3o Ricardo tamb\u00e9m partilhou o resultado, elogiando o trabalho de Joana,\u00a0que continua a somar elogios pela criatividade e originalidade nas mudan\u00e7as de visual.<\/p>\n<p data-end=\"1103\" data-start=\"965\">Com humor e esp\u00edrito festivo, Joana Diniz provou est\u00e1 sempre a surpreender.<\/p>\n<p>                        <script async src=\"\/\/www.instagram.com\/embed.js\"><\/script><\/p>\n","protected":false},"excerpt":{"rendered":"Joana Diniz voltou a mostrar o seu talento como cabeleireira, desta vez com um toque de Halloween. A&hellip;\n","protected":false},"author":2,"featured_media":135991,"comment_status":"","ping_status":"","sticky":false,"template":"","format":"standard","meta":{"footnotes":""},"categories":[142],"tags":[18706,114,115,18705,3213,1829,32,33,151,18704],"class_list":{"0":"post-135990","1":"post","2":"type-post","3":"status-publish","4":"format-standard","5":"has-post-thumbnail","7":"category-tv","8":"tag-bastidores-secret-story","9":"tag-entertainment","10":"tag-entretenimento","11":"tag-entrevistas-concorrentes-tvi","12":"tag-joana-diniz","13":"tag-joao-ricardo","14":"tag-portugal","15":"tag-pt","16":"tag-tv","17":"tag-vida-fora-da-casa"},"share_on_mastodon":{"url":"https:\/\/pubeurope.com\/@pt\/115477091654279293","error":""},"_links":{"self":[{"href":"https:\/\/www.europesays.com\/pt\/wp-json\/wp\/v2\/posts\/135990","targetHints":{"allow":["GET"]}}],"collection":[{"href":"https:\/\/www.europesays.com\/pt\/wp-json\/wp\/v2\/posts"}],"about":[{"href":"https:\/\/www.europesays.com\/pt\/wp-json\/wp\/v2\/types\/post"}],"author":[{"embeddable":true,"href":"https:\/\/www.europesays.com\/pt\/wp-json\/wp\/v2\/users\/2"}],"replies":[{"embeddable":true,"href":"https:\/\/www.europesays.com\/pt\/wp-json\/wp\/v2\/comments?post=135990"}],"version-history":[{"count":0,"href":"https:\/\/www.europesays.com\/pt\/wp-json\/wp\/v2\/posts\/135990\/revisions"}],"wp:featuredmedia":[{"embeddable":true,"href":"https:\/\/www.europesays.com\/pt\/wp-json\/wp\/v2\/media\/135991"}],"wp:attachment":[{"href":"https:\/\/www.europesays.com\/pt\/wp-json\/wp\/v2\/media?parent=135990"}],"wp:term":[{"taxonomy":"category","embeddable":true,"href":"https:\/\/www.europesays.com\/pt\/wp-json\/wp\/v2\/categories?post=135990"},{"taxonomy":"post_tag","embeddable":true,"href":"https:\/\/www.europesays.com\/pt\/wp-json\/wp\/v2\/tags?post=135990"}],"curies":[{"name":"wp","href":"https:\/\/api.w.org\/{rel}","templated":true}]}}