{"id":136025,"date":"2025-11-02T00:13:08","date_gmt":"2025-11-02T00:13:08","guid":{"rendered":"https:\/\/www.europesays.com\/pt\/136025\/"},"modified":"2025-11-02T00:13:08","modified_gmt":"2025-11-02T00:13:08","slug":"trump-ordena-departamento-de-defesa-a-preparar-se-para-uma-possivel-acao-militar-na-nigeria","status":"publish","type":"post","link":"https:\/\/www.europesays.com\/pt\/136025\/","title":{"rendered":"Trump ordena Departamento de Defesa a preparar-se para &#8220;uma poss\u00edvel a\u00e7\u00e3o militar&#8221; na Nig\u00e9ria"},"content":{"rendered":"<p>\t                Numa publica\u00e7\u00e3o na rede social Truth Social, o presidente norte-americano amea\u00e7ou ainda o governo nigeriano de que os EUA tamb\u00e9m ir\u00e3o suspender imediatamente \u201ctoda a ajuda e assist\u00eancia\u201d \u00e0 Nig\u00e9ria<\/p>\n<p style=\"margin-bottom:11px\">Donald Trump ordenou este s\u00e1bado o Departamento de Defesa dos EUA para se \u201cpreparar para uma poss\u00edvel a\u00e7\u00e3o militar\u201d na Nig\u00e9ria, caso o governo nigeriano continue a \u201cpermitir o assass\u00ednio de crist\u00e3os\u201d.<\/p>\n<p>Numa publica\u00e7\u00e3o na rede social Truth Social, o presidente norte-americano amea\u00e7ou ainda o governo nigeriano de que os EUA tamb\u00e9m ir\u00e3o suspender imediatamente \u201ctoda a ajuda e assist\u00eancia\u201d \u00e0 Nig\u00e9ria.<\/p>\n<p>Trump foi mais longe e amea\u00e7ou que os EUA podem &#8220;muito bem invadir aquele pa\u00eds agora desonrado, &#8216;com armas em punho&#8217;, para eliminar completamente os terroristas isl\u00e2micos que est\u00e3o a cometer essas atrocidades horr\u00edveis&#8221;.<\/p>\n<p>A publica\u00e7\u00e3o de Trump surge ap\u00f3s outra, publicada\u00a0<a href=\"https:\/\/truthsocial.com\/@realDonaldTrump\/posts\/115470116607441456\" target=\"_blank\" rel=\"nofollow noopener\">na sexta-feira<\/a>, em que o presidente dos EUA referiu que iria colocar a Nig\u00e9ria na lista de pa\u00edses de \u201cparticular preocupa\u00e7\u00e3o\u201d, designa\u00e7\u00e3o adotada sob o International Religious Freedom Act\u00a0de 1998, devido \u00e0 persegui\u00e7\u00e3o aos crist\u00e3os.<\/p>\n<p>Este s\u00e1bado, o presidente da Nig\u00e9ria, Bola Tinubu, rejeitou as acusa\u00e7\u00f5es de que o pa\u00eds \u00e9 \u201cintolerante\u201d do ponto de vista da religi\u00e3o.<\/p>\n<p>\u201cA liberdade religiosa e a toler\u00e2ncia t\u00eam sido um princ\u00edpio fundamental da nossa identidade coletiva e assim permanecer\u00e3o sempre. A Nig\u00e9ria op\u00f5e-se \u00e0 persegui\u00e7\u00e3o religiosa e n\u00e3o a incentiva. A Nig\u00e9ria \u00e9 um pa\u00eds com garantias constitucionais para proteger os cidad\u00e3os de todas as religi\u00f5es\u201d, escreveu Tinubu no X.<\/p>\n<blockquote class=\"twitter-tweet\">\n<p lang=\"en\">Nigeria stands firmly as a democracy governed by constitutional guarantees of religious liberty.<\/p>\n<p>Since 2023, our administration has maintained an open and active engagement with Christian and Muslim leaders alike and continues to address security challenges which affect\u2026 <a href=\"https:\/\/t.co\/mRb9IqKMFm\" rel=\"nofollow\">pic.twitter.com\/mRb9IqKMFm<\/a><\/p>\n<p> \u2014 Bola Ahmed Tinubu (@officialABAT) <a href=\"https:\/\/twitter.com\/officialABAT\/status\/1984640117361840491?ref_src=twsrc%5Etfw\" rel=\"nofollow noopener\" target=\"_blank\">November 1, 2025<\/a>\n<\/p><\/blockquote>\n<p>A Nig\u00e9ria, cuja popula\u00e7\u00e3o est\u00e1 quase proporcionalmente dividida entre crist\u00e3os e mu\u00e7ulmanos, enfrenta desafios securit\u00e1rios h\u00e1 v\u00e1rias d\u00e9cadas devido a grupos radicais como o Boko Haram, respons\u00e1vel, por exemplo, pelo medi\u00e1tico rapto de 276 raparigas de uma escola secund\u00e1ria no nordeste do pa\u00eds em 2014. Uma d\u00e9cada ap\u00f3s o crime, em 2024, 82 raparigas ainda estavam desaparecidas.<\/p>\n<p>Tanto crist\u00e3os e mu\u00e7ulmanos s\u00e3o alvo dos ataques dos radicais, contudo, Joseph Hayab, antigo l\u00edder da Associa\u00e7\u00e3o Crist\u00e3 da Nig\u00e9ria, diz que a situa\u00e7\u00e3o <a href=\"https:\/\/www.independent.co.uk\/news\/world\/africa\/trump-nigeria-christians-ted-cruz-b2856364.html\" target=\"_blank\" rel=\"nofollow noopener\">\u201cest\u00e1 melhor do que anteriormente\u201d.<\/a><\/p>\n<p>Alega\u00e7\u00f5es de que est\u00e1 em curso um genoc\u00eddio contra os crist\u00e3os no pa\u00eds africano t\u00eam sido amplificadas por figuras de extrema-direita em todo o mundo, inclusive em Portugal, como \u00e9 o caso de Rita Matias.<\/p>\n<blockquote class=\"twitter-tweet\">\n<p lang=\"pt\">Hoje somos todos especialistas em genoc\u00eddios e flotilhas, no entanto esquecemos sempre alguns. A vida dos Crist\u00e3os tamb\u00e9m importa! <a href=\"https:\/\/t.co\/4pCtkTWNCk\" rel=\"nofollow\">pic.twitter.com\/4pCtkTWNCk<\/a><\/p>\n<p> \u2014 Rita Maria Matias (@ritamariamatias) <a href=\"https:\/\/twitter.com\/ritamariamatias\/status\/1973834710913855933?ref_src=twsrc%5Etfw\" rel=\"nofollow noopener\" target=\"_blank\">October 2, 2025<\/a>\n<\/p><\/blockquote>\n<p>\t            <script async src=\"https:\/\/platform.twitter.com\/widgets.js\" charset=\"utf-8\"><\/script><\/p>\n","protected":false},"excerpt":{"rendered":"Numa publica\u00e7\u00e3o na rede social Truth Social, o presidente norte-americano amea\u00e7ou ainda o governo nigeriano de que os&hellip;\n","protected":false},"author":2,"featured_media":136026,"comment_status":"","ping_status":"","sticky":false,"template":"","format":"standard","meta":{"footnotes":""},"categories":[50],"tags":[609,836,611,27,28,607,608,333,832,604,17712,135,610,92,476,235,15,16,301,830,14,603,25,26,570,21,22,831,833,30559,62,834,12,6021,13,19,20,835,602,52,32,23,24,17,18,2183,29,30,31,63,64,65],"class_list":{"0":"post-136025","1":"post","2":"type-post","3":"status-publish","4":"format-standard","5":"has-post-thumbnail","7":"category-mundo","8":"tag-alerta","9":"tag-analise","10":"tag-ao-minuto","11":"tag-breaking-news","12":"tag-breakingnews","13":"tag-cnn","14":"tag-cnn-portugal","15":"tag-comentadores","16":"tag-costa","17":"tag-crime","18":"tag-cristaos","19":"tag-desporto","20":"tag-direto","21":"tag-donald-trump","22":"tag-economia","23":"tag-estados-unidos","24":"tag-featured-news","25":"tag-featurednews","26":"tag-governo","27":"tag-guerra","28":"tag-headlines","29":"tag-justica","30":"tag-latest-news","31":"tag-latestnews","32":"tag-live","33":"tag-main-news","34":"tag-mainnews","35":"tag-mais-vistas","36":"tag-marcelo","37":"tag-muculmanos","38":"tag-mundo","39":"tag-negocios","40":"tag-news","41":"tag-nigeria","42":"tag-noticias","43":"tag-noticias-principais","44":"tag-noticiasprincipais","45":"tag-opiniao","46":"tag-pais","47":"tag-politica","48":"tag-portugal","49":"tag-principais-noticias","50":"tag-principaisnoticias","51":"tag-top-stories","52":"tag-topstories","53":"tag-trump","54":"tag-ultimas","55":"tag-ultimas-noticias","56":"tag-ultimasnoticias","57":"tag-world","58":"tag-world-news","59":"tag-worldnews"},"share_on_mastodon":{"url":"","error":"Validation failed: Text character limit of 500 exceeded"},"_links":{"self":[{"href":"https:\/\/www.europesays.com\/pt\/wp-json\/wp\/v2\/posts\/136025","targetHints":{"allow":["GET"]}}],"collection":[{"href":"https:\/\/www.europesays.com\/pt\/wp-json\/wp\/v2\/posts"}],"about":[{"href":"https:\/\/www.europesays.com\/pt\/wp-json\/wp\/v2\/types\/post"}],"author":[{"embeddable":true,"href":"https:\/\/www.europesays.com\/pt\/wp-json\/wp\/v2\/users\/2"}],"replies":[{"embeddable":true,"href":"https:\/\/www.europesays.com\/pt\/wp-json\/wp\/v2\/comments?post=136025"}],"version-history":[{"count":0,"href":"https:\/\/www.europesays.com\/pt\/wp-json\/wp\/v2\/posts\/136025\/revisions"}],"wp:featuredmedia":[{"embeddable":true,"href":"https:\/\/www.europesays.com\/pt\/wp-json\/wp\/v2\/media\/136026"}],"wp:attachment":[{"href":"https:\/\/www.europesays.com\/pt\/wp-json\/wp\/v2\/media?parent=136025"}],"wp:term":[{"taxonomy":"category","embeddable":true,"href":"https:\/\/www.europesays.com\/pt\/wp-json\/wp\/v2\/categories?post=136025"},{"taxonomy":"post_tag","embeddable":true,"href":"https:\/\/www.europesays.com\/pt\/wp-json\/wp\/v2\/tags?post=136025"}],"curies":[{"name":"wp","href":"https:\/\/api.w.org\/{rel}","templated":true}]}}