{"id":136031,"date":"2025-11-02T00:18:31","date_gmt":"2025-11-02T00:18:31","guid":{"rendered":"https:\/\/www.europesays.com\/pt\/136031\/"},"modified":"2025-11-02T00:18:31","modified_gmt":"2025-11-02T00:18:31","slug":"projeto-feira-vista-do-alto-mostra-o-progresso-de-feira-de-santana-por-meio-de-imagens-aereas-acorda-cidade","status":"publish","type":"post","link":"https:\/\/www.europesays.com\/pt\/136031\/","title":{"rendered":"Projeto Feira Vista do Alto mostra o progresso de Feira de Santana por meio de imagens a\u00e9reas &#8211; Acorda Cidade"},"content":{"rendered":"<p>Explorando o tema \u201cA Mobilidade da Cidade\u201d, o projeto Feira Vista do Alto, promovido pelo Sest\/Senat, est\u00e1 trazendo \u00e0 tona um olhar especial sobre o progresso e desenvolvimento de Feira de Santana, com imagens in\u00e9ditas captadas por drones. A iniciativa faz parte do concurso de fotografias promovido pela entidade do Sistema \u201cS\u201d, um dos projetos vencedores do Edital Nacional de Cultura, e pode ser vista nesta ter\u00e7a-feira (28) em exposi\u00e7\u00e3o em um \u00f4nibus na porta do Pa\u00e7o Municipal Maria Quit\u00e9ria, na avenida Get\u00falio Vargas.<\/p>\n<p>O resultado do <a href=\"https:\/\/www.acordacidade.com.br\/tag\/concurso\/\" rel=\"nofollow noopener\" target=\"_blank\">concurso<\/a> est\u00e1 sendo revelado em uma exposi\u00e7\u00e3o itinerante montada em um \u00f4nibus que percorre a cidade. Na manh\u00e3 desta ter\u00e7a-feira (28), o ve\u00edculo com 30 fotos selecionadas no concurso ficou estacionado para visita\u00e7\u00e3o ao longo da avenida Get\u00falio Vargas, em frente ao Pa\u00e7o Municipal Maria Quit\u00e9ria. \u00c0 tarde, seguiu para visitas em escolas da rede p\u00fablica.<\/p>\n<p>Os vencedores do concurso de fotografias a\u00e9reas s\u00e3o Alencar Cerqueira, em primeiro lugar, com o tema \u201cContorno da Cidade Nova\u201d, com imagens do complexo vi\u00e1rio Dr. Miraldo Gomes; Alexinaldo Lima, em segundo lugar, com o tema \u201cEstradas da Vida\u201d, com imagens da BR-116 Sul; e, em terceiro lugar, Althiere Rios, com o tema \u201cEntroncamento do Sert\u00e3o\u201d, com imagens do entorno do viaduto da avenida Presidente Dutra e Anel de Contorno.<\/p>\n<p>O diretor do Sest\/Senat, Daniel Correia, destaca que o resultado do concurso de fotografias surpreendeu, tanto pela participa\u00e7\u00e3o de inscritos quanto pela qualidade dos trabalhos, revelando imagens impressionantes do desenvolvimento de Feira de Santana.<\/p>\n<p>A coordenadora de Desenvolvimento Profissional do Sest\/Senat, Kelly Vilela, revela a dimens\u00e3o do projeto. \u201cTivemos cerca de 110 inscritos no concurso, sendo que cada candidato apresentou duas fotos, e selecionamos tr\u00eas vencedores que captaram imagens a\u00e9reas feitas com drones, mostrando a cidade, ruas, rodovias e a cidade em movimento\u201d, ressaltou.<\/p>\n<p>Os vencedores do concurso ser\u00e3o apresentados e premiados durante evento programado para a pr\u00f3xima quinta-feira (30), \u00e0s 19h, no Centro Universit\u00e1rio de Cultura e Arte (Cuca).<\/p>\n<p>As informa\u00e7\u00f5es s\u00e3o da Secretaria Municipal de Comunica\u00e7\u00e3o Social<\/p>\n<p>Siga o Acorda Cidade no<a href=\"https:\/\/news.google.com\/search?q=acorda%20cidade&amp;hl=pt-BR&amp;gl=BR&amp;ceid=BR%3Apt-419\" rel=\"nofollow noopener\" target=\"_blank\"><strong>\u00a0Google Not\u00edcias<\/strong><\/a>\u00a0e receba os principais destaques do dia. Participe tamb\u00e9m dos nossos canais no\u00a0<a href=\"https:\/\/www.whatsapp.com\/channel\/0029Va6Rb4v3WHTNnsh8WI3N\" rel=\"nofollow noopener\" target=\"_blank\"><strong>WhatsApp<\/strong><\/a>\u00a0e\u00a0<a href=\"https:\/\/www.youtube.com\/@acordacidadenoticias\/videos\" rel=\"nofollow noopener\" target=\"_blank\"><strong>YouTube<\/strong><\/a>\u00a0e grupo de\u00a0<a href=\"https:\/\/t.me\/+sSz0khrgARA0ZmRh\" rel=\"nofollow\"><strong>Telegram<\/strong><\/a>.<\/p>\n","protected":false},"excerpt":{"rendered":"Explorando o tema \u201cA Mobilidade da Cidade\u201d, o projeto Feira Vista do Alto, promovido pelo Sest\/Senat, est\u00e1 trazendo&hellip;\n","protected":false},"author":2,"featured_media":136032,"comment_status":"","ping_status":"","sticky":false,"template":"","format":"standard","meta":{"footnotes":""},"categories":[144],"tags":[207,205,206,203,201,202,13825,204,114,115,2085,32,33,30560],"class_list":{"0":"post-136031","1":"post","2":"type-post","3":"status-publish","4":"format-standard","5":"has-post-thumbnail","7":"category-arte-e-design","8":"tag-arte","9":"tag-arte-e-design","10":"tag-artedesign","11":"tag-arts","12":"tag-arts-and-design","13":"tag-artsanddesign","14":"tag-concurso","15":"tag-design","16":"tag-entertainment","17":"tag-entretenimento","18":"tag-fotografia","19":"tag-portugal","20":"tag-pt","21":"tag-sest-senat"},"share_on_mastodon":{"url":"https:\/\/pubeurope.com\/@pt\/115477237148551772","error":""},"_links":{"self":[{"href":"https:\/\/www.europesays.com\/pt\/wp-json\/wp\/v2\/posts\/136031","targetHints":{"allow":["GET"]}}],"collection":[{"href":"https:\/\/www.europesays.com\/pt\/wp-json\/wp\/v2\/posts"}],"about":[{"href":"https:\/\/www.europesays.com\/pt\/wp-json\/wp\/v2\/types\/post"}],"author":[{"embeddable":true,"href":"https:\/\/www.europesays.com\/pt\/wp-json\/wp\/v2\/users\/2"}],"replies":[{"embeddable":true,"href":"https:\/\/www.europesays.com\/pt\/wp-json\/wp\/v2\/comments?post=136031"}],"version-history":[{"count":0,"href":"https:\/\/www.europesays.com\/pt\/wp-json\/wp\/v2\/posts\/136031\/revisions"}],"wp:featuredmedia":[{"embeddable":true,"href":"https:\/\/www.europesays.com\/pt\/wp-json\/wp\/v2\/media\/136032"}],"wp:attachment":[{"href":"https:\/\/www.europesays.com\/pt\/wp-json\/wp\/v2\/media?parent=136031"}],"wp:term":[{"taxonomy":"category","embeddable":true,"href":"https:\/\/www.europesays.com\/pt\/wp-json\/wp\/v2\/categories?post=136031"},{"taxonomy":"post_tag","embeddable":true,"href":"https:\/\/www.europesays.com\/pt\/wp-json\/wp\/v2\/tags?post=136031"}],"curies":[{"name":"wp","href":"https:\/\/api.w.org\/{rel}","templated":true}]}}