{"id":136054,"date":"2025-11-02T00:38:08","date_gmt":"2025-11-02T00:38:08","guid":{"rendered":"https:\/\/www.europesays.com\/pt\/136054\/"},"modified":"2025-11-02T00:38:08","modified_gmt":"2025-11-02T00:38:08","slug":"cristiano-ronaldo-reage-a-vitoria-sofrida-e-polemica-do-al-nassr","status":"publish","type":"post","link":"https:\/\/www.europesays.com\/pt\/136054\/","title":{"rendered":"Cristiano Ronaldo reage \u00e0 vit\u00f3ria sofrida e pol\u00e9mica do Al Nassr"},"content":{"rendered":"<p>Depois da elimina\u00e7\u00e3o caseira da Ta\u00e7a da Ar\u00e1bia Saudita diante do <a target=\"_blank\" class=\"editor-link autolink-enabled\" href=\"https:\/\/www.abola.pt\/futebol\/al-ittihad-5877\" data-resource-id=\"5877\" data-resource-type=\"team\" data-sport=\"football\" rel=\"nofollow noopener\">Al Ittihad<\/a>, de S\u00e9rgio Concei\u00e7\u00e3o, o <a target=\"_blank\" class=\"editor-link autolink-enabled\" href=\"https:\/\/www.abola.pt\/futebol\/al-nassr-1681\" data-resource-id=\"1681\" data-resource-type=\"team\" data-sport=\"football\" rel=\"nofollow noopener\">Al Nassr<\/a>, de Jorge Jesus, regressou \u00e0s vit\u00f3rias, tamb\u00e9m em casa, frente ao Al Fayha (2-1), de Pedro Emanuel, mas com muita pol\u00e9mica \u00e0 mistura.<\/p>\n<p><a target=\"_blank\" class=\"editor-link autolink-enabled\" href=\"https:\/\/www.abola.pt\/futebol\/jogador\/cristiano-ronaldo-3400\" data-resource-id=\"3400\" data-resource-type=\"player\" data-sport=\"football\" rel=\"nofollow noopener\">Cristiano Ronaldo<\/a> foi novamente o her\u00f3i dos visitados ao bisar na partida. O internacional portugu\u00eas protagonizou a reviravolta no marcador atrav\u00e9s de uma grande penalidade, assinalada para al\u00e9m do tempo de compensa\u00e7\u00e3o e concretizada pelo pr\u00f3prio aos 90+14&#8242;.<\/p>\n<p>Atento ao jogo, <a class=\"autolink-enabled\" data-resource-id=\"8608\" data-resource-type=\"player\" data-sport=\"football\" href=\"https:\/\/www.abola.pt\/futebol\/jogador\/ruben-neves-8608\" rel=\"nofollow noopener\" target=\"_blank\">R\u00faben Neves<\/a>, compatriota e rival do <a class=\"autolink-enabled\" data-resource-id=\"2866\" data-resource-type=\"team\" data-sport=\"football\" href=\"https:\/\/www.abola.pt\/futebol\/al-hilal-2866\" rel=\"nofollow noopener\" target=\"_blank\">Al Hilal<\/a>, n\u00e3o demorou muito a reagir ao pen\u00e1lti assinalado para o <a class=\"autolink-enabled\" data-resource-id=\"1681\" data-resource-type=\"team\" data-sport=\"football\" href=\"https:\/\/www.abola.pt\/futebol\/al-nassr-1681\" rel=\"nofollow noopener\" target=\"_blank\">Al Nassr<\/a>, mas <a class=\"autolink-enabled\" data-resource-id=\"3400\" data-resource-type=\"player\" data-sport=\"football\" href=\"https:\/\/www.abola.pt\/futebol\/jogador\/cristiano-ronaldo-3400\" rel=\"nofollow noopener\" target=\"_blank\">Cristiano Ronaldo<\/a> tamb\u00e9m j\u00e1 fez uma publica\u00e7\u00e3o nas redes sociais, ap\u00f3s o s\u00e9timo triunfo em sete jogos no campeonato saudita.<\/p>\n<p>\u00abAt\u00e9 ao fim!!\u00bb, escreveu o avan\u00e7ado de 40 anos, deixando tamb\u00e9m algumas fotografias de mais uma noite sorridente em Riade, com os golos 951 e 952 da sua carreira.<\/p>\n<p><a target=\"_self\" class=\"editor-link\" href=\"https:\/\/profile.google.com\/cp\/CgkvbS8wNWNjOHQ?pf=0\" rel=\"nofollow noopener\">Siga o perfil de A BOLA no Google.<\/a><\/p>\n","protected":false},"excerpt":{"rendered":"Depois da elimina\u00e7\u00e3o caseira da Ta\u00e7a da Ar\u00e1bia Saudita diante do Al Ittihad, de S\u00e9rgio Concei\u00e7\u00e3o, o Al&hellip;\n","protected":false},"author":2,"featured_media":136055,"comment_status":"","ping_status":"","sticky":false,"template":"","format":"standard","meta":{"footnotes":""},"categories":[87],"tags":[135,32,33,134],"class_list":{"0":"post-136054","1":"post","2":"type-post","3":"status-publish","4":"format-standard","5":"has-post-thumbnail","7":"category-desporto","8":"tag-desporto","9":"tag-portugal","10":"tag-pt","11":"tag-sports"},"share_on_mastodon":{"url":"https:\/\/pubeurope.com\/@pt\/115477315762506154","error":""},"_links":{"self":[{"href":"https:\/\/www.europesays.com\/pt\/wp-json\/wp\/v2\/posts\/136054","targetHints":{"allow":["GET"]}}],"collection":[{"href":"https:\/\/www.europesays.com\/pt\/wp-json\/wp\/v2\/posts"}],"about":[{"href":"https:\/\/www.europesays.com\/pt\/wp-json\/wp\/v2\/types\/post"}],"author":[{"embeddable":true,"href":"https:\/\/www.europesays.com\/pt\/wp-json\/wp\/v2\/users\/2"}],"replies":[{"embeddable":true,"href":"https:\/\/www.europesays.com\/pt\/wp-json\/wp\/v2\/comments?post=136054"}],"version-history":[{"count":0,"href":"https:\/\/www.europesays.com\/pt\/wp-json\/wp\/v2\/posts\/136054\/revisions"}],"wp:featuredmedia":[{"embeddable":true,"href":"https:\/\/www.europesays.com\/pt\/wp-json\/wp\/v2\/media\/136055"}],"wp:attachment":[{"href":"https:\/\/www.europesays.com\/pt\/wp-json\/wp\/v2\/media?parent=136054"}],"wp:term":[{"taxonomy":"category","embeddable":true,"href":"https:\/\/www.europesays.com\/pt\/wp-json\/wp\/v2\/categories?post=136054"},{"taxonomy":"post_tag","embeddable":true,"href":"https:\/\/www.europesays.com\/pt\/wp-json\/wp\/v2\/tags?post=136054"}],"curies":[{"name":"wp","href":"https:\/\/api.w.org\/{rel}","templated":true}]}}