{"id":136082,"date":"2025-11-02T01:20:28","date_gmt":"2025-11-02T01:20:28","guid":{"rendered":"https:\/\/www.europesays.com\/pt\/136082\/"},"modified":"2025-11-02T01:20:28","modified_gmt":"2025-11-02T01:20:28","slug":"pior-coisa-que-me-fez-desde-que-entrou-ze-incredulo-com-atitude-recente-de-liliana-e-nao-tem-a-ver-com-fabio-dois-as-10","status":"publish","type":"post","link":"https:\/\/www.europesays.com\/pt\/136082\/","title":{"rendered":"\u00abPior coisa que me fez desde que entrou\u00bb. Z\u00e9 incr\u00e9dulo com atitude recente de Liliana (e n\u00e3o tem a ver com F\u00e1bio) &#8211; Dois \u00e0s 10"},"content":{"rendered":"<p>                        O quase concorrente do \u201cSecret Story\u201d, Z\u00e9, tem estado particularmente ativo na rede social X (antigo Twitter), onde responde a coment\u00e1rios e partilha rea\u00e7\u00f5es sobre os acontecimentos mais recentes da casa mais vigiada do pa\u00eds. A sua \u00faltima resposta est\u00e1 a dar que falar entre os f\u00e3s do programa.<\/p>\n<p data-end=\"699\" data-start=\"458\">Na rede social <strong data-end=\"502\" data-start=\"497\">X<\/strong>, <strong data-end=\"510\" data-start=\"504\">Z\u00e9<\/strong> tem interagido com os seguidores e comentado algumas das publica\u00e7\u00f5es relacionadas com a participa\u00e7\u00e3o de\u00a0<strong data-end=\"633\" data-start=\"622\">Liliana<\/strong>, com quem ficou noivo antes da concorrente entrar dentro da casa do \u201cSecret Story\u201d e e apaixonar-se por F\u00e1bio.<\/p>\n<p data-end=\"765\" data-start=\"701\">Um dos coment\u00e1rios deixados por um f\u00e3 rapidamente se destacou: <strong>\u201cIsto \u00e9 irreal. A Liliana dizia maravilhas do Z\u00e9, vivia com ele&#8230; e agora o homem \u00e9 tudo de mau? Ela esqueceu que ia entrar no programa com ele?? #sstvi\u201d<\/strong><\/p>\n<p data-end=\"1003\" data-start=\"926\">A resposta de Z\u00e9 n\u00e3o tardou e deixou muitos surpreendidos pela sinceridade: <strong>\u201c\u00c9 capaz de ser a pior coisa que me fez desde que entrou naquela casa.\u201d<\/strong><\/p>\n<p data-end=\"1251\" data-start=\"1081\"><img loading=\"lazy\" decoding=\"async\" alt=\"\" height=\"437\" src=\"https:\/\/www.europesays.com\/pt\/wp-content\/uploads\/2025\/11\/1762046428_310_1000.webp\" width=\"484\"\/><\/p>\n<p data-end=\"1251\" data-start=\"1081\">A publica\u00e7\u00e3o n\u00e3o passou despercebida aos seguidores do reality show, que reagiram com centenas de gostos e partilhas, dividindo opini\u00f5es sobre o comportamento de ambos.<\/p>\n<p data-end=\"1455\" data-start=\"1253\">Recentemente, Z\u00e9 esteve no Dois \u00e0s 10 e deixou claro que dificilmente volta para os bra\u00e7os da ex.<\/p>\n","protected":false},"excerpt":{"rendered":"O quase concorrente do \u201cSecret Story\u201d, Z\u00e9, tem estado particularmente ativo na rede social X (antigo Twitter), onde&hellip;\n","protected":false},"author":2,"featured_media":136083,"comment_status":"","ping_status":"","sticky":false,"template":"","format":"standard","meta":{"footnotes":""},"categories":[85],"tags":[329,166,3412,3406,3409,801,3410,3411,3407,3408,114,115,19016,3413,338,32,33,1315,975],"class_list":{"0":"post-136082","1":"post","2":"type-post","3":"status-publish","4":"format-standard","5":"has-post-thumbnail","7":"category-entretenimento","8":"tag-claudio-ramos","9":"tag-cristina-ferreira","10":"tag-dois-10","11":"tag-dois-a-s-10-dois-a-s-10","12":"tag-dois-a-s-dez","13":"tag-dois-as-10","14":"tag-dois-as-dez","15":"tag-dois-dez","16":"tag-doisas10","17":"tag-doisasdez","18":"tag-entertainment","19":"tag-entretenimento","20":"tag-liliana","21":"tag-manha-tvi","22":"tag-maria-botelho-moniz","23":"tag-portugal","24":"tag-pt","25":"tag-secret-story","26":"tag-ze"},"share_on_mastodon":{"url":"https:\/\/pubeurope.com\/@pt\/115477481114734180","error":""},"_links":{"self":[{"href":"https:\/\/www.europesays.com\/pt\/wp-json\/wp\/v2\/posts\/136082","targetHints":{"allow":["GET"]}}],"collection":[{"href":"https:\/\/www.europesays.com\/pt\/wp-json\/wp\/v2\/posts"}],"about":[{"href":"https:\/\/www.europesays.com\/pt\/wp-json\/wp\/v2\/types\/post"}],"author":[{"embeddable":true,"href":"https:\/\/www.europesays.com\/pt\/wp-json\/wp\/v2\/users\/2"}],"replies":[{"embeddable":true,"href":"https:\/\/www.europesays.com\/pt\/wp-json\/wp\/v2\/comments?post=136082"}],"version-history":[{"count":0,"href":"https:\/\/www.europesays.com\/pt\/wp-json\/wp\/v2\/posts\/136082\/revisions"}],"wp:featuredmedia":[{"embeddable":true,"href":"https:\/\/www.europesays.com\/pt\/wp-json\/wp\/v2\/media\/136083"}],"wp:attachment":[{"href":"https:\/\/www.europesays.com\/pt\/wp-json\/wp\/v2\/media?parent=136082"}],"wp:term":[{"taxonomy":"category","embeddable":true,"href":"https:\/\/www.europesays.com\/pt\/wp-json\/wp\/v2\/categories?post=136082"},{"taxonomy":"post_tag","embeddable":true,"href":"https:\/\/www.europesays.com\/pt\/wp-json\/wp\/v2\/tags?post=136082"}],"curies":[{"name":"wp","href":"https:\/\/api.w.org\/{rel}","templated":true}]}}