{"id":136088,"date":"2025-11-02T01:26:10","date_gmt":"2025-11-02T01:26:10","guid":{"rendered":"https:\/\/www.europesays.com\/pt\/136088\/"},"modified":"2025-11-02T01:26:10","modified_gmt":"2025-11-02T01:26:10","slug":"martina-sanzi-e-expulsa-de-a-fazenda-17-record","status":"publish","type":"post","link":"https:\/\/www.europesays.com\/pt\/136088\/","title":{"rendered":"Martina Sanzi \u00e9 expulsa de A Fazenda 17 \u2013 Record"},"content":{"rendered":"<p><img decoding=\"async\" data-chromatic=\"ignore\" alt=\"\" class=\"c-image\" loading=\"lazy\" src=\"https:\/\/www.europesays.com\/pt\/wp-content\/uploads\/2025\/11\/I6DF7WFKSFFVJJGVW7HYA24UL4.png\"  width=\"677\" height=\"339\"\/>A pe\u00e3ozada foi surpreendida com o an\u00fancio da sa\u00edda de Martina Sanzi Divulga\u00e7\u00e3o\/Fabiane De Faria <\/p>\n<p class=\"jarvics:base-text-neutral-high-400 base-text-[calc(theme(fontSize.xs)_*_var(--font-size,_1))] base-font-normal base-font-primary base-text-neutral-low-500 base-text-left\">Ap\u00f3s a <a href=\"https:\/\/record.r7.com\/a-fazenda\/a-fazenda-17\/novidades\/fotos\/festa-corrida-maluca-tem-treta-generalizada-e-show-interrompido-em-a-fazenda-17-01112025\/\" target=\"_self\" rel=\"nofollow noopener\" title=\"https:\/\/record.r7.com\/a-fazenda\/a-fazenda-17\/novidades\/fotos\/festa-corrida-maluca-tem-treta-generalizada-e-show-interrompido-em-a-fazenda-17-01112025\/\"><b>supertreta na Festa Corrida Maluca<\/b><\/a> de <a href=\"https:\/\/record.r7.com\/a-fazenda\/a-fazenda-17\/\" target=\"_self\" rel=\"nofollow noopener\" title=\"https:\/\/record.r7.com\/a-fazenda\/a-fazenda-17\/\"><b>A Fazenda 17<\/b><\/a>, os pe\u00f5es foram surpreendidos com o an\u00fancio da expuls\u00e3o de <a href=\"https:\/\/record.r7.com\/a-fazenda\/a-fazenda-17\/peoes\/martina-sanzi\" target=\"_self\" title=\"Martina Sanzi\" rel=\"nofollow noopener\"><b>Martina Sanzi<\/b><\/a> na manh\u00e3 deste s\u00e1bado (1\u00ba). Entenda! <\/p>\n<ul class=\"b-article-body__list-unordered\">\n<li><b>Quer ficar por dentro de tudo que est\u00e1 acontecendo em\u00a0<\/b><b>A Fazenda 17<\/b><b>?\u00a0<\/b><a href=\"https:\/\/www.whatsapp.com\/channel\/0029Va2cJIR1noz2ahzX0D1N\" rel=\"nofollow noopener\" title=\"https:\/\/www.whatsapp.com\/channel\/0029Va2cJIR1noz2ahzX0D1N\" target=\"_blank\"><b>Clique aqui<\/b><\/a><b>\u00a0e fa\u00e7a parte do nosso canal no WhatsApp!<\/b><\/li>\n<\/ul>\n<p class=\"jarvics:base-text-neutral-high-400 base-text-[calc(theme(fontSize.xs)_*_var(--font-size,_1))] base-font-normal base-font-primary base-text-neutral-low-500 base-text-left\">A produ\u00e7\u00e3o fez o an\u00fancio no tel\u00e3o, e coube ao Fazendeiro <a href=\"https:\/\/record.r7.com\/a-fazenda\/a-fazenda-17\/peoes\/toninho-tornado\" target=\"_self\" title=\"Toninho Tornado\" rel=\"nofollow noopener\"><b>Toninho Tornado<\/b><\/a> ler o recado: \u201cDurante a \u00faltima festa, v\u00e1rios pe\u00f5es tiveram atitudes que passaram do limite aceit\u00e1vel na conviv\u00eancia e que devem ser evitados por todos a partir de agora. Por uma a\u00e7\u00e3o espec\u00edfica que colocou em risco a integridade f\u00edsica de outros participantes, a peoa Martina foi expulsa do programa e est\u00e1 fora do jogo\u201d. <\/p>\n<p class=\"jarvics:base-text-neutral-high-400 base-text-[calc(theme(fontSize.xs)_*_var(--font-size,_1))] base-font-normal base-font-primary base-text-neutral-low-500 base-text-left\">Os competidores ficaram em choque. <\/p>\n<p class=\"jarvics:base-text-neutral-high-400 base-text-[calc(theme(fontSize.xs)_*_var(--font-size,_1))] base-font-normal base-font-primary base-text-neutral-low-500 base-text-left\">Fique ligado! <a href=\"https:\/\/record.r7.com\/a-fazenda\/a-fazenda-17\/\" rel=\"nofollow noopener\" title=\"https:\/\/record.r7.com\/a-fazenda\/a-fazenda-17\/\" target=\"_blank\"><b>A Fazenda 17<\/b><\/a> vai ao ar de segunda a domingo, \u00e0s 22h30, na tela da <a href=\"https:\/\/record.r7.com\/\" rel=\"nofollow noopener\" target=\"_blank\"><b>RECORD<\/b><\/a>. Assine o <a href=\"https:\/\/www.recordplus.com\/home\" rel=\"nofollow noopener\" title=\"https:\/\/www.recordplus.com\/home\" target=\"_blank\"><b>RecordPlus<\/b><\/a> e tenha acesso \u00e0s c\u00e2meras 24 horas.<\/p>\n<p><b>Festa Corrida Maluca tem treta generalizada e show interrompido em A Fazenda 17<\/b><\/p>\n<p class=\"jarvics:base-text-neutral-high-400 base-text-[calc(theme(fontSize.xxs)_*_var(--font-size,_1))] base-font-semibold base-font-primary base-text-neutral-low-500 base-text-left\">A Festa Corrida Maluca foi uma das mais ca\u00f3ticas de A Fazenda 17 e o fogo no feno correu solto por Itapecerica das Chamas. Ao som do Grupo Pixote, os pe\u00f5es dan\u00e7aram, cantaram e tamb\u00e9m tretaram muito, a ponto do show ser interrompido; entenda tudo o que rolou<\/p>\n<p class=\"jarvics:base-text-neutral-high-400 base-text-[calc(theme(fontSize.little)_*_var(--font-size,_1))] base-font-normal base-font-primary base-text-neutral-low-500 base-text-left\">Reprodu\u00e7\u00e3o\/RecordPlus<\/p>\n","protected":false},"excerpt":{"rendered":"A pe\u00e3ozada foi surpreendida com o an\u00fancio da sa\u00edda de Martina Sanzi Divulga\u00e7\u00e3o\/Fabiane De Faria Ap\u00f3s a supertreta&hellip;\n","protected":false},"author":2,"featured_media":136089,"comment_status":"","ping_status":"","sticky":false,"template":"","format":"standard","meta":{"footnotes":""},"categories":[145],"tags":[657,211,210,114,115,24774,32,33],"class_list":{"0":"post-136088","1":"post","2":"type-post","3":"status-publish","4":"format-standard","5":"has-post-thumbnail","7":"category-celebridades","8":"tag-a-fazenda","9":"tag-celebridades","10":"tag-celebrities","11":"tag-entertainment","12":"tag-entretenimento","13":"tag-martina-sanzi","14":"tag-portugal","15":"tag-pt"},"share_on_mastodon":{"url":"https:\/\/pubeurope.com\/@pt\/115477504624548173","error":""},"_links":{"self":[{"href":"https:\/\/www.europesays.com\/pt\/wp-json\/wp\/v2\/posts\/136088","targetHints":{"allow":["GET"]}}],"collection":[{"href":"https:\/\/www.europesays.com\/pt\/wp-json\/wp\/v2\/posts"}],"about":[{"href":"https:\/\/www.europesays.com\/pt\/wp-json\/wp\/v2\/types\/post"}],"author":[{"embeddable":true,"href":"https:\/\/www.europesays.com\/pt\/wp-json\/wp\/v2\/users\/2"}],"replies":[{"embeddable":true,"href":"https:\/\/www.europesays.com\/pt\/wp-json\/wp\/v2\/comments?post=136088"}],"version-history":[{"count":0,"href":"https:\/\/www.europesays.com\/pt\/wp-json\/wp\/v2\/posts\/136088\/revisions"}],"wp:featuredmedia":[{"embeddable":true,"href":"https:\/\/www.europesays.com\/pt\/wp-json\/wp\/v2\/media\/136089"}],"wp:attachment":[{"href":"https:\/\/www.europesays.com\/pt\/wp-json\/wp\/v2\/media?parent=136088"}],"wp:term":[{"taxonomy":"category","embeddable":true,"href":"https:\/\/www.europesays.com\/pt\/wp-json\/wp\/v2\/categories?post=136088"},{"taxonomy":"post_tag","embeddable":true,"href":"https:\/\/www.europesays.com\/pt\/wp-json\/wp\/v2\/tags?post=136088"}],"curies":[{"name":"wp","href":"https:\/\/api.w.org\/{rel}","templated":true}]}}