{"id":136096,"date":"2025-11-02T01:38:52","date_gmt":"2025-11-02T01:38:52","guid":{"rendered":"https:\/\/www.europesays.com\/pt\/136096\/"},"modified":"2025-11-02T01:38:52","modified_gmt":"2025-11-02T01:38:52","slug":"governo-preve-comecar-em-2027-a-construir-dessalinizadora-de-120-milhoes-de-euros-em-sines","status":"publish","type":"post","link":"https:\/\/www.europesays.com\/pt\/136096\/","title":{"rendered":"Governo prev\u00ea come\u00e7ar em 2027 a construir dessalinizadora de 120 milh\u00f5es de euros em Sines"},"content":{"rendered":"<p>        \u201cOs prazos que nos foram dados pela [empresa] \u00c1guas de Portugal, atrav\u00e9s da \u00c1guas de Santo Andr\u00e9 [AdSA]\u201d, apontam para o in\u00edcio da constru\u00e7\u00e3o da futura dessalinizadora \u201cem 2027, para estar pronta\u201d entre \u201c2030 [e] 2031\u201d, indicou \u00e0 ag\u00eancia Lusa a governante que tutela as pastas do Ambiente e Energia.    <\/p>\n<p class=\"text-paragraph\">A constru\u00e7\u00e3o da dessalinizadora de Sines, no distrito de Set\u00fabal, vai arrancar em 2027, estando a conclus\u00e3o prevista at\u00e9 2031, num investimento de 120 milh\u00f5es de euros, revelou hoje a ministra do Ambiente, Maria da Gra\u00e7a Carvalho.<\/p>\n<p class=\"text-paragraph\">\u201cOs prazos que nos foram dados pela [empresa] \u00c1guas de Portugal, atrav\u00e9s da \u00c1guas de Santo Andr\u00e9 [AdSA]\u201d, apontam para o in\u00edcio da constru\u00e7\u00e3o da futura dessalinizadora \u201cem 2027, para estar pronta\u201d entre \u201c2030 [e] 2031\u201d, indicou \u00e0 ag\u00eancia Lusa a governante que tutela as pastas do Ambiente e Energia.<\/p>\n<p class=\"text-paragraph\">Ap\u00f3s anunciar que o Governo vai avan\u00e7ar com a constru\u00e7\u00e3o de uma dessalinizadora em Sines, na ter\u00e7a-feira, no parlamento, a ministra do Ambiente, contactada pela Lusa, adiantou hoje que o investimento previsto para o projeto \u00e9 \u201cde 120 milh\u00f5es de euros\u201d.<\/p>\n<p class=\"text-paragraph\">\u201cTer\u00e1 que ser estudada a sua dimens\u00e3o, mas tendo em conta os investimentos que temos na dessalinizadora do Algarve e noutras dessalinizadoras parecidas, ser\u00e1 superior a 100 milh\u00f5es de euros\u201d, afian\u00e7ou.<\/p>\n<p class=\"text-paragraph\">De acordo com a governante, a futura dessalinizadora \u201cser\u00e1 financiada com uma tarifa industrial, a longo prazo\u201d, que ser\u00e1, posteriormente, calculada pela empresa AdSA, do grupo \u00c1guas de Portugal, respons\u00e1vel pela gest\u00e3o do Sistema de Santo Andr\u00e9.<\/p>\n<p class=\"text-paragraph\">A AdSA assegura o abastecimento de \u00e1gua \u00e0s popula\u00e7\u00f5es dos concelhos de Sines e Santiago do Cac\u00e9m, a recolha e tratamento das \u00e1guas residuais e d\u00e1 resposta \u00e0s exig\u00eancias das ind\u00fastrias localizadas na Zona Industrial e Log\u00edstica de Sines (ZILS), no abastecimento de \u00e1gua pot\u00e1vel, \u00e1gua industrial, \u00e1gua residual e res\u00edduos industriais.<\/p>\n<p class=\"text-paragraph\">A ministra justificou o investimento em Sines com \u201co grande n\u00famero de projetos industriais, de produ\u00e7\u00e3o de hidrog\u00e9nio e a\u00e7o verde\u201d, entre outros, numa regi\u00e3o \u201ccom algum stress h\u00eddrico\u201d.<\/p>\n<p class=\"text-paragraph\">Estes projetos \u201cexigem uma infraestrutura de liga\u00e7\u00e3o \u00e0 rede el\u00e9trica\u201d, explicou, acrescentando que, al\u00e9m de ter sido criada \u201cuma zona de grande procura para resolver a quest\u00e3o dos acessos \u00e0 rede el\u00e9trica\u201d, o Governo est\u00e1 \u201ca fazer legisla\u00e7\u00e3o\u201d para garantir o seu refor\u00e7o.<\/p>\n<p class=\"text-paragraph\">\u201cEstamos a fazer legisla\u00e7\u00e3o para fazer uma segunda zona de grande procura em Sines, al\u00e9m de outras zonas de grande procura no resto do pa\u00eds\u201d que v\u00e3o \u201cresolver a quest\u00e3o do acesso \u00e0 rede el\u00e9trica\u201d, afirmou.<\/p>\n<p class=\"text-paragraph\">Mas, indicou, todos estes investimentos \u201cprecisam de uma grande quantidade de \u00e1gua\u201d doce, \u00e1gua reciclada, \u00e1gua salgada para o arrefecimento e \u00e1gua dessalinizada.<\/p>\n<p class=\"text-paragraph\">\u201cTendo em conta os investimentos que s\u00e3o Projetos de Interesse Nacional [PIN] e que j\u00e1 t\u00eam autoriza\u00e7\u00e3o da APA [Ag\u00eancia Portuguesa do Ambiente], que no total precisam de 10 hect\u00f3metros c\u00fabicos [de \u00e1gua], a solu\u00e7\u00e3o que nos foi proposta pelos t\u00e9cnicos\u201d aponta \u201cpara um novo modelo de gest\u00e3o da \u00e1gua\u201d para a zona de Sines, destacou.<\/p>\n<p class=\"text-paragraph\">Este novo modelo atribui a gest\u00e3o da \u00e1gua doce, da \u00e1gua salgada para arrefecimento e da \u00e1gua dessalinizada \u00e0 AdSA, que ser\u00e1 tamb\u00e9m respons\u00e1vel pela constru\u00e7\u00e3o \u201cda central dessalinizadora\u201d, a qual ser\u00e1\u00a0\u201cmodelar\u201d, ou seja, come\u00e7ar\u00e1 com uma dimens\u00e3o \u201cmais pequena\u201d para que \u201cpossa crescer\u201d \u00e0 medida que existir \u201cmais necessidade de investimento\u201d.<\/p>\n<p class=\"text-paragraph\">Al\u00e9m disso, decorrem negocia\u00e7\u00f5es entre a Aicep Global Parques, que gere a ZILS, a APA e a EDP para aproveitar para o novo sistema parte da infraestrutura utilizada pela antiga central a carv\u00e3o na capta\u00e7\u00e3o de \u00e1gua do mar, adiantou Maria da Gra\u00e7a Carvalho.<\/p>\n<p class=\"text-paragraph\">Questionada sobre a tecnologia de dessaliniza\u00e7\u00e3o usada, a ministra esclareceu que ser\u00e1 \u201cescolhida pelos t\u00e9cnicos da AdSA e da \u00c1guas de Portugal\u201d e lembrou que o projeto obedece ainda a \u201cum processo de licenciamento ambiental muito rigoroso e que demora o seu tempo\u201d.<\/p>\n<p class=\"text-paragraph\">A futura central \u201cpode de certo modo aliviar a press\u00e3o da \u00e1gua\u201d no litoral alentejano, assim como os investimentos \u201cna remodela\u00e7\u00e3o e repara\u00e7\u00e3o da barragem de Santa Clara\u201d, em Odemira, distrito de Beja, e a \u201cposs\u00edvel liga\u00e7\u00e3o \u00e0 barragem de Alqueva\u201d.<\/p>\n<p class=\"text-paragraph\">\u201cH\u00e1 um conjunto de elementos que t\u00eam de ser estudados e comparados em termos de efici\u00eancia e de custo\u201d, afirmou, argumentando que o Governo sabe tamb\u00e9m que tem \u201cde resolver e olhar para a quest\u00e3o de Odemira\u201d, zona para a qual ainda \u201cn\u00e3o est\u00e1 escolhido qual \u00e9 o modelo mais eficiente a aplicar\u201d.<\/p>\n","protected":false},"excerpt":{"rendered":"\u201cOs prazos que nos foram dados pela [empresa] \u00c1guas de Portugal, atrav\u00e9s da \u00c1guas de Santo Andr\u00e9 [AdSA]\u201d,&hellip;\n","protected":false},"author":2,"featured_media":136097,"comment_status":"","ping_status":"","sticky":false,"template":"","format":"standard","meta":{"footnotes":""},"categories":[10],"tags":[27,28,15,16,14,25,26,21,22,12,13,19,20,32,23,24,33,6746,17,18,29,30,31],"class_list":{"0":"post-136096","1":"post","2":"type-post","3":"status-publish","4":"format-standard","5":"has-post-thumbnail","7":"category-portugal","8":"tag-breaking-news","9":"tag-breakingnews","10":"tag-featured-news","11":"tag-featurednews","12":"tag-headlines","13":"tag-latest-news","14":"tag-latestnews","15":"tag-main-news","16":"tag-mainnews","17":"tag-news","18":"tag-noticias","19":"tag-noticias-principais","20":"tag-noticiasprincipais","21":"tag-portugal","22":"tag-principais-noticias","23":"tag-principaisnoticias","24":"tag-pt","25":"tag-sines","26":"tag-top-stories","27":"tag-topstories","28":"tag-ultimas","29":"tag-ultimas-noticias","30":"tag-ultimasnoticias"},"share_on_mastodon":{"url":"https:\/\/pubeurope.com\/@pt\/115477556092871875","error":""},"_links":{"self":[{"href":"https:\/\/www.europesays.com\/pt\/wp-json\/wp\/v2\/posts\/136096","targetHints":{"allow":["GET"]}}],"collection":[{"href":"https:\/\/www.europesays.com\/pt\/wp-json\/wp\/v2\/posts"}],"about":[{"href":"https:\/\/www.europesays.com\/pt\/wp-json\/wp\/v2\/types\/post"}],"author":[{"embeddable":true,"href":"https:\/\/www.europesays.com\/pt\/wp-json\/wp\/v2\/users\/2"}],"replies":[{"embeddable":true,"href":"https:\/\/www.europesays.com\/pt\/wp-json\/wp\/v2\/comments?post=136096"}],"version-history":[{"count":0,"href":"https:\/\/www.europesays.com\/pt\/wp-json\/wp\/v2\/posts\/136096\/revisions"}],"wp:featuredmedia":[{"embeddable":true,"href":"https:\/\/www.europesays.com\/pt\/wp-json\/wp\/v2\/media\/136097"}],"wp:attachment":[{"href":"https:\/\/www.europesays.com\/pt\/wp-json\/wp\/v2\/media?parent=136096"}],"wp:term":[{"taxonomy":"category","embeddable":true,"href":"https:\/\/www.europesays.com\/pt\/wp-json\/wp\/v2\/categories?post=136096"},{"taxonomy":"post_tag","embeddable":true,"href":"https:\/\/www.europesays.com\/pt\/wp-json\/wp\/v2\/tags?post=136096"}],"curies":[{"name":"wp","href":"https:\/\/api.w.org\/{rel}","templated":true}]}}