{"id":136215,"date":"2025-11-02T05:10:18","date_gmt":"2025-11-02T05:10:18","guid":{"rendered":"https:\/\/www.europesays.com\/pt\/136215\/"},"modified":"2025-11-02T05:10:18","modified_gmt":"2025-11-02T05:10:18","slug":"pedro-jorge-surpreende-marisa-com-uma-declaracao-cheia-de-amor-tvi-player","status":"publish","type":"post","link":"https:\/\/www.europesays.com\/pt\/136215\/","title":{"rendered":"Pedro Jorge surpreende Marisa com uma declara\u00e7\u00e3o cheia de amor &#8211; TVI Player"},"content":{"rendered":"<ol>\n<li><a href=\"https:\/\/news.google.com\/rss\/articles\/CBMipAFBVV95cUxPYlNhYU10RnZIc052WVZiMVJuV3dEWm9BVThOUHc2ekRQLUtGRTRnampLTjJXNHZkQ3JSM1h4X0xHeHlaNUpIM3Bad3NOOHlWRTgtU3I2bVE2QmpwS01wYXUxRHZLM0R6TlpNMWNUbU4yMVd6Q09Nd0FwOGs4RVR4TzczeXhPZmtxdXU4NE8zUlpRRkxjY3NzZndkVFNxUEM1VGRlMA?oc=5\" target=\"_blank\" rel=\"nofollow noopener\">Pedro Jorge surpreende Marisa com uma declara\u00e7\u00e3o cheia de amor<\/a>&nbsp;&nbsp;TVI Player<\/li>\n<li><a href=\"https:\/\/news.google.com\/rss\/articles\/CBMioAFBVV95cUxNU1AwZWRyVXIwYkhVRk1fWVFqbUtmLTB6Z2JIMjBhcV9NM2M5ZDAtSzRfTE9lNjJWYnV2c2ZudlJNNjhhbWVLOXpxS2pEb21zdmN2UUNNbS1Na3R6YWV0UmZuOHUxd2I4aVM5bk1mNTJxNm5Sb2tYUUF2V3owOG1iSC1FLS13ZDN4Zm9RT25ZQmdkSGdxLWttb3pySGQzTXR6?oc=5\" target=\"_blank\" rel=\"nofollow noopener\">&#8220;Eu vou-me embora&#8221;: Marisa atinge &#8220;limite&#8221; com Pedro Jorge e quer sair do programa<\/a>&nbsp;&nbsp;Hiper Fm<\/li>\n<li><a href=\"https:\/\/news.google.com\/rss\/articles\/CBMi3wFBVV95cUxQSnFjV0FmZTlSVm9FODNTOWJpV2kxLTBuZmI4VkJST2lKdUJIcVhrVExPVXI3VUVac19POFA1ekRfSEl2ZDBvUENNTG0tQWJ0YkpRYmFTNGNHOFBCbklaWmhRTVZ2Yk1GRy1Hc0lyWk9ONTVIUlNuUVlWMkJCZWIyZFdYb0Mta3NxeS1feE5CaDRIOXhJb1BKTjZ4c1Foak5ILUxqZkJ0M1NmdF9JOHZCQzZJOUlEMFhXZUFseFVQNEtUUW5tWG5pSTZ5ZzZJWWxrZUJVMjBVMGZibnZxTjJr?oc=5\" target=\"_blank\" rel=\"nofollow noopener\">Backstreet Boys invadem a Malveira! Dylan e Bruno fazem dan\u00e7a sexy e recebem chuva de suti\u00e3s<\/a>&nbsp;&nbsp;Not\u00edcias de hoje &#8211; IOL<\/li>\n<li><a href=\"https:\/\/news.google.com\/rss\/articles\/CBMi4wFBVV95cUxOdmp3MzV2SUlJZ2l5SG92WldzdmgyUklwMXFtTUtQRXhTdzNmSTluU3dNYmUtWHh6V1dqa1RWSjRYX1hES1RtOFZodE91ekNQYXVXX1NHTXk2Smxadm9SZ0NKZ3dXeXVSa0tPTkhrVnRmTFhld2NHeUpZZG5mZWpidnpjQ2lueFlfaTU1WllLSDhzTHhlVjRVYmRpZ25aTDVqVmZsWHlKNXlaRFY5Vk95M2lyalR5amt0MXdqdXJxZEVhcnpVYjJxLUZNRzB2LUZsMzNUSWZwN1pSNDNJREg4amJ6WQ?oc=5\" target=\"_blank\" rel=\"nofollow noopener\">Casa dos Segredos- Segredo em risco! Marisa Susana desconfia que h\u00e1 liga\u00e7\u00e3o entre Pedro e Marisa: \u201cH\u00e1 ali\u2026\u201d<\/a>&nbsp;&nbsp;SAPO<\/li>\n<li><a href=\"https:\/\/news.google.com\/rss\/articles\/CBMiqgFBVV95cUxNMWJYSDYzbGZ0dWNkZnRGV3puVHU4bUd3Nl9ycE1wd3RMcEpJdDFIS3pFbFdCNndWSFJOTjZIZkljX3NBTHhjUFlFVS1SS2U2V3g2MmktekRMR3Y5UWtVYmJQSUVmRVpnRmdKZUh5d3hWeWRXT2h0RWdrUGhhOFZrWHJFMlFQeUJhM3ZDSkJFamJCZFdXUHFFN0Q0NlN5QzFvX1JLUmtqYi0zUQ?oc=5\" target=\"_blank\" rel=\"nofollow noopener\">Secret Story! Marisa vs. Pedro Jorge: do romance ao ringue de combate analisado na TVI<\/a>&nbsp;&nbsp;Dioguinho<\/li>\n<\/ol>\n","protected":false},"excerpt":{"rendered":"Pedro Jorge surpreende Marisa com uma declara\u00e7\u00e3o cheia de amor&nbsp;&nbsp;TVI Player &#8220;Eu vou-me embora&#8221;: Marisa atinge &#8220;limite&#8221; com&hellip;\n","protected":false},"author":2,"featured_media":136216,"comment_status":"","ping_status":"","sticky":false,"template":"","format":"standard","meta":{"footnotes":""},"categories":[142],"tags":[114,115,19184,21416,32,33,151],"class_list":{"0":"post-136215","1":"post","2":"type-post","3":"status-publish","4":"format-standard","5":"has-post-thumbnail","7":"category-tv","8":"tag-entertainment","9":"tag-entretenimento","10":"tag-marisa","11":"tag-pedro-jorge","12":"tag-portugal","13":"tag-pt","14":"tag-tv"},"share_on_mastodon":{"url":"https:\/\/pubeurope.com\/@pt\/115478385336711288","error":""},"_links":{"self":[{"href":"https:\/\/www.europesays.com\/pt\/wp-json\/wp\/v2\/posts\/136215","targetHints":{"allow":["GET"]}}],"collection":[{"href":"https:\/\/www.europesays.com\/pt\/wp-json\/wp\/v2\/posts"}],"about":[{"href":"https:\/\/www.europesays.com\/pt\/wp-json\/wp\/v2\/types\/post"}],"author":[{"embeddable":true,"href":"https:\/\/www.europesays.com\/pt\/wp-json\/wp\/v2\/users\/2"}],"replies":[{"embeddable":true,"href":"https:\/\/www.europesays.com\/pt\/wp-json\/wp\/v2\/comments?post=136215"}],"version-history":[{"count":0,"href":"https:\/\/www.europesays.com\/pt\/wp-json\/wp\/v2\/posts\/136215\/revisions"}],"wp:featuredmedia":[{"embeddable":true,"href":"https:\/\/www.europesays.com\/pt\/wp-json\/wp\/v2\/media\/136216"}],"wp:attachment":[{"href":"https:\/\/www.europesays.com\/pt\/wp-json\/wp\/v2\/media?parent=136215"}],"wp:term":[{"taxonomy":"category","embeddable":true,"href":"https:\/\/www.europesays.com\/pt\/wp-json\/wp\/v2\/categories?post=136215"},{"taxonomy":"post_tag","embeddable":true,"href":"https:\/\/www.europesays.com\/pt\/wp-json\/wp\/v2\/tags?post=136215"}],"curies":[{"name":"wp","href":"https:\/\/api.w.org\/{rel}","templated":true}]}}