{"id":136312,"date":"2025-11-02T08:46:12","date_gmt":"2025-11-02T08:46:12","guid":{"rendered":"https:\/\/www.europesays.com\/pt\/136312\/"},"modified":"2025-11-02T08:46:12","modified_gmt":"2025-11-02T08:46:12","slug":"ensaio-newborn-do-filho-cacula-de-joao-gomes-explode-o-fofurometro-nas-redes-sociais","status":"publish","type":"post","link":"https:\/\/www.europesays.com\/pt\/136312\/","title":{"rendered":"Ensaio newborn do filho ca\u00e7ula de Jo\u00e3o Gomes explode o fofur\u00f4metro nas redes sociais"},"content":{"rendered":"<p>A influenciadora digital <a href=\"https:\/\/caras.com.br\/tags\/ary-mirelle\" rel=\"nofollow noopener\" target=\"_blank\"><strong>Ary Mirelle<\/strong><\/a> encantou os seguidores neste s\u00e1bado, 1\u00ba, ao compartilhar as fotos do ensaio newborn do filho ca\u00e7ula, <strong>Joaquim<\/strong>, fruto do casamento com o cantor <a href=\"https:\/\/caras.com.br\/tags\/joao-gomes\" rel=\"nofollow noopener\" target=\"_blank\"><strong>Jo\u00e3o Gomes<\/strong><\/a>. O beb\u00ea esbanjou fofura ao aparecer dormindo nas fotos enquanto usava looks fofos.<\/p>\n<p>Inclusive, Joaquim apareceu com chap\u00e9u caracter\u00edstico da regi\u00e3o do nordeste brasileiro e deixou todo mundo encantado. \u201cMinha voz, minha luz, meu som\u201d, disse a m\u00e3e coruja na legenda.<\/p>\n<p>Al\u00e9m de Joaquim, Ary e Jo\u00e3o tamb\u00e9m s\u00e3o pais de <strong>Jorge<\/strong>, de 1 ano.<\/p>\n<blockquote class=\"instagram-media\" style=\"background: #FFF; border: 0; border-radius: 3px; box-shadow: 0 0 1px 0 rgba(0,0,0,0.5),0 1px 10px 0 rgba(0,0,0,0.15); margin: 1px; max-width: 540px; min-width: 326px; padding: 0; width: calc(100% - 2px);\" data-instgrm-captioned=\"\" data-instgrm-permalink=\"https:\/\/www.instagram.com\/p\/DQhYRa-EbHY\/?utm_source=ig_embed&amp;utm_campaign=loading\" data-instgrm-version=\"14\"><\/blockquote>\n<p>\t A carreira de Jo\u00e3o Gomes <\/p>\n<p>Com apenas 23 anos (nascido em 31 de julho de 2002), o cantor Jo\u00e3o Gomes, natural de Serrita, no Sert\u00e3o de Pernambuco, transformou a simplicidade de suas ra\u00edzes em um sucesso estrondoso, rompendo as barreiras do piseiro e do forr\u00f3 e conquistando o pa\u00eds, do sert\u00e3o ao asfalto carioca.<\/p>\n<p>A jornada de Jo\u00e3o Gomes come\u00e7ou de forma org\u00e2nica e moderna: atrav\u00e9s das redes sociais.<\/p>\n<ul>\n<li>Viraliza\u00e7\u00e3o no TikTok: O artista, que estudou T\u00e9cnico em Agropecu\u00e1ria no Instituto Federal do Sert\u00e3o Pernambucano, come\u00e7ou a compartilhar v\u00eddeos cantando em 2019 e viu sua vida mudar em 2021.<\/li>\n<li>\u201cMeu Peda\u00e7o de Pecado\u201d: O hit, que ganhou coreografia f\u00e1cil e divertida, o levou ao topo. Em julho de 2021, a m\u00fasica se tornou a mais ouvida no Spotify Brasil e chegou a figurar no Top 50 Global.<\/li>\n<li>Rei das Paradas: Seu primeiro \u00e1lbum, Eu Tenho a Senha (2021), emplacou praticamente todas as faixas no Top 200 di\u00e1rio do Spotify, consolidando-o como o cantor mais ouvido do pa\u00eds em 2021.<\/li>\n<\/ul>\n<p>Sua voz rouca e marcante, o repert\u00f3rio rom\u00e2ntico com a pegada da vaquejada e a forte identidade nordestina, inspirada em nomes como Belchior e Cartola, logo o fizeram transitar para al\u00e9m do piseiro.<\/p>\n<p> A consagra\u00e7\u00e3o <\/p>\n<p>Mais do que um sucesso passageiro, Jo\u00e3o Gomes provou ser um artista em constante amadurecimento, ganhando o respeito da cr\u00edtica e de medalh\u00f5es da MPB.<\/p>\n<ul>\n<li>Grammy Latino: Em 2024 e 2025, ele recebeu indica\u00e7\u00f5es ao Grammy Latino nas categorias de Melhor \u00c1lbum de M\u00fasica de Raiz em L\u00edngua Portuguesa com Raiz (2023) e De Norte a Sul (2024), sendo reconhecido como o primeiro artista de piseiro indicado ao pr\u00eamio.<\/li>\n<li>Projetos Especiais: Seu \u00e1lbum Dominguinho (2025), gravado ao lado de Mestrinho e Jota.p\u00ea, e seu show que inaugurou a vers\u00e3o brasileira do aclamado Tiny Desk Concert, da NPR, solidificaram sua imagem como um artista completo e ecl\u00e9tico.<\/li>\n<li>Parcerias Hist\u00f3ricas: Jo\u00e3o Gomes j\u00e1 colaborou com grandes nomes de diversos g\u00eaneros, como Pabllo Vittar, Edson &amp; Hudson, Tarc\u00edsio do Acordeon e at\u00e9 mesmo Gilberto Gil, Lulu Santos e Marisa Monte, esta \u00faltima, conhecida por fazer poucas parcerias.<\/li>\n<\/ul>\n<p><strong>Leia tamb\u00e9m<\/strong>: <a href=\"https:\/\/caras.com.br\/atualidades\/joao-gomes-faz-relato-sobre-tensao-no-rio-de-janeiro-durante-megaoperacao.phtml\" rel=\"nofollow noopener\" target=\"_blank\">Jo\u00e3o Gomes faz relato sobre tens\u00e3o no Rio de Janeiro durante megaopera\u00e7\u00e3o<\/a><\/p>\n<p>        <a href=\"https:\/\/caras.com.br\/autor\/priscilla-comoti\" rel=\"nofollow noopener\" target=\"_blank\">&#13;<br \/>\n          <img loading=\"lazy\" alt=\"Priscilla Comoti\" src=\"https:\/\/www.europesays.com\/pt\/wp-content\/uploads\/2025\/11\/e53883bdf02c542f6517b68879e8cb08b27a1d55c4dfd53577e47d3ab6331a06\"  class=\"avatar avatar-115 photo rounded-circle mr-3\" height=\"115\" width=\"115\" decoding=\"async\"\/>        <\/a><\/p>\n<p>Priscilla Comoti \u00e9 editora de conte\u00fado do site CARAS. Ela \u00e9 formada em jornalismo e em audiovisual, j\u00e1 passou pelos sites Contigo!, Minha Novela, TiTiTi, Mais Novela e Portal M\u00e1rcia Piovesan. Escreve sobre celebridades, not\u00edcias sobre a fam\u00edlia real brit\u00e2nica, TV, reality show e novelas.<\/p>\n<p>\t                                            <script async src=\"\/\/www.instagram.com\/embed.js\"><\/script><\/p>\n","protected":false},"excerpt":{"rendered":"A influenciadora digital Ary Mirelle encantou os seguidores neste s\u00e1bado, 1\u00ba, ao compartilhar as fotos do ensaio newborn&hellip;\n","protected":false},"author":2,"featured_media":136313,"comment_status":"","ping_status":"","sticky":false,"template":"","format":"standard","meta":{"footnotes":""},"categories":[145],"tags":[5930,211,210,30613,114,115,5929,32,33],"class_list":{"0":"post-136312","1":"post","2":"type-post","3":"status-publish","4":"format-standard","5":"has-post-thumbnail","7":"category-celebridades","8":"tag-ary-mirelle","9":"tag-celebridades","10":"tag-celebrities","11":"tag-ensaio-newborn","12":"tag-entertainment","13":"tag-entretenimento","14":"tag-joao-gomes","15":"tag-portugal","16":"tag-pt"},"share_on_mastodon":{"url":"https:\/\/pubeurope.com\/@pt\/115479234782764300","error":""},"_links":{"self":[{"href":"https:\/\/www.europesays.com\/pt\/wp-json\/wp\/v2\/posts\/136312","targetHints":{"allow":["GET"]}}],"collection":[{"href":"https:\/\/www.europesays.com\/pt\/wp-json\/wp\/v2\/posts"}],"about":[{"href":"https:\/\/www.europesays.com\/pt\/wp-json\/wp\/v2\/types\/post"}],"author":[{"embeddable":true,"href":"https:\/\/www.europesays.com\/pt\/wp-json\/wp\/v2\/users\/2"}],"replies":[{"embeddable":true,"href":"https:\/\/www.europesays.com\/pt\/wp-json\/wp\/v2\/comments?post=136312"}],"version-history":[{"count":0,"href":"https:\/\/www.europesays.com\/pt\/wp-json\/wp\/v2\/posts\/136312\/revisions"}],"wp:featuredmedia":[{"embeddable":true,"href":"https:\/\/www.europesays.com\/pt\/wp-json\/wp\/v2\/media\/136313"}],"wp:attachment":[{"href":"https:\/\/www.europesays.com\/pt\/wp-json\/wp\/v2\/media?parent=136312"}],"wp:term":[{"taxonomy":"category","embeddable":true,"href":"https:\/\/www.europesays.com\/pt\/wp-json\/wp\/v2\/categories?post=136312"},{"taxonomy":"post_tag","embeddable":true,"href":"https:\/\/www.europesays.com\/pt\/wp-json\/wp\/v2\/tags?post=136312"}],"curies":[{"name":"wp","href":"https:\/\/api.w.org\/{rel}","templated":true}]}}