{"id":136314,"date":"2025-11-02T08:51:08","date_gmt":"2025-11-02T08:51:08","guid":{"rendered":"https:\/\/www.europesays.com\/pt\/136314\/"},"modified":"2025-11-02T08:51:08","modified_gmt":"2025-11-02T08:51:08","slug":"a-historia-de-um-pais-nas-maos-de-um-psicopata-veja-o-video","status":"publish","type":"post","link":"https:\/\/www.europesays.com\/pt\/136314\/","title":{"rendered":"a hist\u00f3ria de um pa\u00eds nas m\u00e3os de um psicopata\u201d (veja o v\u00eddeo)"},"content":{"rendered":"<p>O document\u00e1rio \u201cThe fake judge: The story of a nation in the hands of a psychopath\u201d (\u201cO falso juiz: a hist\u00f3ria de um pa\u00eds nas m\u00e3os de um psicopata\u201d, em tradu\u00e7\u00e3o livre) est\u00e1 sendo lan\u00e7ado neste s\u00e1bado no Brasil.<\/p>\n<p>O longa do jornalista portugu\u00eas S\u00e9rgio Tavares \u00e9 uma dura cr\u00edtica ao ministro Alexandre de Moraes, do STF (Supremo Tribunal Federal), e conta com a participa\u00e7\u00e3o de pol\u00edticos e personalidades da oposi\u00e7\u00e3o, como o ex-presidente Jair Bolsonaro (PL), o deputado federal Nikolas Ferreira (PL-MG) e o pastor Silas Malafaia.<\/p>\n<p>Vale a pena conferir:<\/p>\n<p>A &#8220;conta final&#8221; est\u00e1 chegando para Moraes&#8230; Quer saber do que realmente \u00e9 capaz o ministro? No pol\u00eamico livro\u00a0<b><a rel=\"noopener nofollow\" target=\"_blank\" href=\"https:\/\/www.conteudoconservador.com.br\/products\/supremo-silencio-o-que-voce-nao-pode-saber\">&#8220;Supremo Sil\u00eancio&#8221;<\/a>,\u00a0<\/b>toda a persegui\u00e7\u00e3o contra parlamentares,\u00a0jornalistas e outros absurdos que come\u00e7aram no famigerado Inqu\u00e9rito das Fakes News foram expostos! Nessa obra est\u00e3o todos os relatos de censura, pris\u00f5es e estranhas a\u00e7\u00f5es do judici\u00e1rio que o &#8220;sistema&#8221; quer esconder \u00e0 todo custo. Mas, como ter esse livro na m\u00e3o?\u00a0Clique no link abaixo:<\/p>\n<p><a rel=\"noopener nofollow\" target=\"_blank\" href=\"https:\/\/www.conteudoconservador.com.br\/products\/supremo-silencio-o-que-voce-nao-pode-saber\">https:\/\/www.conteudoconservador.com.br\/products\/supremo-silencio-o-que-voce-nao-pode-saber<\/a><\/p>\n<p>Veja a capa:<\/p>\n<p><a href=\"https:\/\/fotos.jornaldacidadeonline.com.br\/uploads\/fotos\/1689196751_64af18cfe13d6.jpeg\" aria-label=\"Foto\" rel=\"nofollow noopener\" target=\"_blank\"><img class=\"lazyload\"  bad-src=\"https:\/\/www.europesays.com\/pt\/wp-content\/uploads\/2025\/11\/650x0_1689196751_64af18cfe13d6_hd.jpeg\" alt=\"Imagem em destaque\"\/><\/a><\/p>\n","protected":false},"excerpt":{"rendered":"O document\u00e1rio \u201cThe fake judge: The story of a nation in the hands of a psychopath\u201d (\u201cO falso&hellip;\n","protected":false},"author":2,"featured_media":136315,"comment_status":"","ping_status":"","sticky":false,"template":"","format":"standard","meta":{"footnotes":""},"categories":[140],"tags":[4178,2596,114,115,147,148,82,146,32,33],"class_list":{"0":"post-136314","1":"post","2":"type-post","3":"status-publish","4":"format-standard","5":"has-post-thumbnail","7":"category-filmes","8":"tag-alexandre-de-moraes","9":"tag-documentrio","10":"tag-entertainment","11":"tag-entretenimento","12":"tag-film","13":"tag-filmes","14":"tag-internacional","15":"tag-movies","16":"tag-portugal","17":"tag-pt"},"share_on_mastodon":{"url":"https:\/\/pubeurope.com\/@pt\/115479254353161171","error":""},"_links":{"self":[{"href":"https:\/\/www.europesays.com\/pt\/wp-json\/wp\/v2\/posts\/136314","targetHints":{"allow":["GET"]}}],"collection":[{"href":"https:\/\/www.europesays.com\/pt\/wp-json\/wp\/v2\/posts"}],"about":[{"href":"https:\/\/www.europesays.com\/pt\/wp-json\/wp\/v2\/types\/post"}],"author":[{"embeddable":true,"href":"https:\/\/www.europesays.com\/pt\/wp-json\/wp\/v2\/users\/2"}],"replies":[{"embeddable":true,"href":"https:\/\/www.europesays.com\/pt\/wp-json\/wp\/v2\/comments?post=136314"}],"version-history":[{"count":0,"href":"https:\/\/www.europesays.com\/pt\/wp-json\/wp\/v2\/posts\/136314\/revisions"}],"wp:featuredmedia":[{"embeddable":true,"href":"https:\/\/www.europesays.com\/pt\/wp-json\/wp\/v2\/media\/136315"}],"wp:attachment":[{"href":"https:\/\/www.europesays.com\/pt\/wp-json\/wp\/v2\/media?parent=136314"}],"wp:term":[{"taxonomy":"category","embeddable":true,"href":"https:\/\/www.europesays.com\/pt\/wp-json\/wp\/v2\/categories?post=136314"},{"taxonomy":"post_tag","embeddable":true,"href":"https:\/\/www.europesays.com\/pt\/wp-json\/wp\/v2\/tags?post=136314"}],"curies":[{"name":"wp","href":"https:\/\/api.w.org\/{rel}","templated":true}]}}