{"id":136317,"date":"2025-11-02T09:00:12","date_gmt":"2025-11-02T09:00:12","guid":{"rendered":"https:\/\/www.europesays.com\/pt\/136317\/"},"modified":"2025-11-02T09:00:12","modified_gmt":"2025-11-02T09:00:12","slug":"sbt-tv-vocalista-do-coldplay-estaria-vivendo-affair-com-gaby-amarantos-afirma-portal","status":"publish","type":"post","link":"https:\/\/www.europesays.com\/pt\/136317\/","title":{"rendered":"SBT TV | Vocalista do Coldplay estaria vivendo affair com Gaby Amarantos, afirma portal"},"content":{"rendered":"<p><strong>Chris Martin, vocalista do Coldplay<\/strong>, est\u00e1 no Brasil para uma participa\u00e7\u00e3o solo no festival <strong>Global Citizen<\/strong>, que acontece em Bel\u00e9m, e <strong>estaria vivendo um affair com a cantora Gaby Amarantos<\/strong>, que tamb\u00e9m \u00e9 uma das atra\u00e7\u00f5es do evento.<\/p>\n<p>A informa\u00e7\u00e3o \u00e9 do portal de fofocas <strong>Lets Gossip<\/strong>. Segundo o perfil no instagram deles, o cantor &#8220;foi <strong>visto deixando o pr\u00e9dio da cantora em Bel\u00e9m de madrugada<\/strong> e foi flagrado em um supermercado da cidade&#8221;.<\/p>\n<p>O portal ainda completou dizendo que <strong>Chris teria voltado ao apartamento de Gaby ap\u00f3s essa ida ao supermercado<\/strong>. Vale lembrar que ele estaria solteiro pela primeira vez em anos, ap\u00f3s terminar seu relacionamento amoroso com Dakota Johnson em junho deste anos. Eles estavam h\u00e1 quase oito anos juntos. Confira:<\/p>\n<blockquote class=\"instagram-media\" data-instgrm-captioned=\"\" data-instgrm-permalink=\"https:\/\/www.instagram.com\/p\/DQhZUc0AC4N\/?utm_source=ig_embed&amp;utm_campaign=loading\" data-instgrm-version=\"14\"\/><p><script async src=\"\/\/www.instagram.com\/embed.js\"><\/script><\/p>\n","protected":false},"excerpt":{"rendered":"Chris Martin, vocalista do Coldplay, est\u00e1 no Brasil para uma participa\u00e7\u00e3o solo no festival Global Citizen, que acontece&hellip;\n","protected":false},"author":2,"featured_media":136318,"comment_status":"","ping_status":"","sticky":false,"template":"","format":"standard","meta":{"footnotes":""},"categories":[145],"tags":[30617,1710,211,210,30614,1193,114,115,972,30616,30615,32,33,936],"class_list":{"0":"post-136317","1":"post","2":"type-post","3":"status-publish","4":"format-standard","5":"has-post-thumbnail","7":"category-celebridades","8":"tag-amarantos","9":"tag-cantor","10":"tag-celebridades","11":"tag-celebrities","12":"tag-chris","13":"tag-coldplay","14":"tag-entertainment","15":"tag-entretenimento","16":"tag-fofocalizando","17":"tag-gaby","18":"tag-martin","19":"tag-portugal","20":"tag-pt","21":"tag-sbt"},"share_on_mastodon":{"url":"https:\/\/pubeurope.com\/@pt\/115479289745761245","error":""},"_links":{"self":[{"href":"https:\/\/www.europesays.com\/pt\/wp-json\/wp\/v2\/posts\/136317","targetHints":{"allow":["GET"]}}],"collection":[{"href":"https:\/\/www.europesays.com\/pt\/wp-json\/wp\/v2\/posts"}],"about":[{"href":"https:\/\/www.europesays.com\/pt\/wp-json\/wp\/v2\/types\/post"}],"author":[{"embeddable":true,"href":"https:\/\/www.europesays.com\/pt\/wp-json\/wp\/v2\/users\/2"}],"replies":[{"embeddable":true,"href":"https:\/\/www.europesays.com\/pt\/wp-json\/wp\/v2\/comments?post=136317"}],"version-history":[{"count":0,"href":"https:\/\/www.europesays.com\/pt\/wp-json\/wp\/v2\/posts\/136317\/revisions"}],"wp:featuredmedia":[{"embeddable":true,"href":"https:\/\/www.europesays.com\/pt\/wp-json\/wp\/v2\/media\/136318"}],"wp:attachment":[{"href":"https:\/\/www.europesays.com\/pt\/wp-json\/wp\/v2\/media?parent=136317"}],"wp:term":[{"taxonomy":"category","embeddable":true,"href":"https:\/\/www.europesays.com\/pt\/wp-json\/wp\/v2\/categories?post=136317"},{"taxonomy":"post_tag","embeddable":true,"href":"https:\/\/www.europesays.com\/pt\/wp-json\/wp\/v2\/tags?post=136317"}],"curies":[{"name":"wp","href":"https:\/\/api.w.org\/{rel}","templated":true}]}}