{"id":136321,"date":"2025-11-02T09:14:08","date_gmt":"2025-11-02T09:14:08","guid":{"rendered":"https:\/\/www.europesays.com\/pt\/136321\/"},"modified":"2025-11-02T09:14:08","modified_gmt":"2025-11-02T09:14:08","slug":"poliana-rocha-comenta-namoro-de-ana-castela-e-ze-felipe-nao-precisa-provar-nada-celebridades","status":"publish","type":"post","link":"https:\/\/www.europesays.com\/pt\/136321\/","title":{"rendered":"Poliana Rocha comenta namoro de Ana Castela e Z\u00e9 Felipe: &#8216;N\u00e3o precisa provar nada&#8217; | Celebridades"},"content":{"rendered":"<p>                                        Poliana Rocha falou sobre o namoro de Z\u00e9 Felipe e Ana Castela  &#8211; Reprodu\u00e7\u00e3o\/Instagram<\/p>\n<p class=\"content-media__description\">Poliana Rocha falou sobre o namoro de Z\u00e9 Felipe e Ana Castela Reprodu\u00e7\u00e3o\/Instagram<\/p>\n<p>                            Publicado 01\/11\/2025 21:06\n                    <\/p>\n<p>Rio &#8211;\u00a0Poliana Rocha mostrou aos seguidores neste s\u00e1bado (1\u00ba) os registros que recebeu de Z\u00e9 Felipe se divertindo na lama no rancho da namorada, Ana Castela. A mulher de Leonardo aproveitou para falar sobre o namoro do sertanejo com a Boiadeira.\u00a0<\/p>\n<p>&#8220;Entre risadas e lama descobriram que os melhores momentos s\u00e3o aqueles vividos sem medo de se sujar! Na lama, a vaidade se desfaz e o que sobra \u00e9 o que realmente importa, o riso sincero, o olhar verdadeiro e a leveza de quem n\u00e3o precisa provar nada para ningu\u00e9m&#8221;, escreveu a influenciadora.\u00a0<\/p>\n<p>Ana Castela e Z\u00e9 Felipe apareceram juntos como casal pela primeira vez em outubro durante o programa &#8220;Domingo Legal&#8221;, do SBT. A cantora estava solteira desde o fim do namoro com Gustavo Mioto, anunciado em dezembro de 2024.\u00a0<\/p>\n<p>J\u00e1 o filho de Leonardo e Poliana Rocha comunicou\u00a0o t\u00e9rmino do casamento com Virginia Fonseca em maio deste ano.<\/p>\n","protected":false},"excerpt":{"rendered":"Poliana Rocha falou sobre o namoro de Z\u00e9 Felipe e Ana Castela &#8211; Reprodu\u00e7\u00e3o\/Instagram Poliana Rocha falou sobre&hellip;\n","protected":false},"author":2,"featured_media":136322,"comment_status":"","ping_status":"","sticky":false,"template":"","format":"standard","meta":{"footnotes":""},"categories":[145],"tags":[13762,211,210,114,115,1017,5548,32,33,1445],"class_list":{"0":"post-136321","1":"post","2":"type-post","3":"status-publish","4":"format-standard","5":"has-post-thumbnail","7":"category-celebridades","8":"tag-ana-castela","9":"tag-celebridades","10":"tag-celebrities","11":"tag-entertainment","12":"tag-entretenimento","13":"tag-namoro","14":"tag-poliana-rocha","15":"tag-portugal","16":"tag-pt","17":"tag-ze-felipe"},"share_on_mastodon":{"url":"https:\/\/pubeurope.com\/@pt\/115479344811718689","error":""},"_links":{"self":[{"href":"https:\/\/www.europesays.com\/pt\/wp-json\/wp\/v2\/posts\/136321","targetHints":{"allow":["GET"]}}],"collection":[{"href":"https:\/\/www.europesays.com\/pt\/wp-json\/wp\/v2\/posts"}],"about":[{"href":"https:\/\/www.europesays.com\/pt\/wp-json\/wp\/v2\/types\/post"}],"author":[{"embeddable":true,"href":"https:\/\/www.europesays.com\/pt\/wp-json\/wp\/v2\/users\/2"}],"replies":[{"embeddable":true,"href":"https:\/\/www.europesays.com\/pt\/wp-json\/wp\/v2\/comments?post=136321"}],"version-history":[{"count":0,"href":"https:\/\/www.europesays.com\/pt\/wp-json\/wp\/v2\/posts\/136321\/revisions"}],"wp:featuredmedia":[{"embeddable":true,"href":"https:\/\/www.europesays.com\/pt\/wp-json\/wp\/v2\/media\/136322"}],"wp:attachment":[{"href":"https:\/\/www.europesays.com\/pt\/wp-json\/wp\/v2\/media?parent=136321"}],"wp:term":[{"taxonomy":"category","embeddable":true,"href":"https:\/\/www.europesays.com\/pt\/wp-json\/wp\/v2\/categories?post=136321"},{"taxonomy":"post_tag","embeddable":true,"href":"https:\/\/www.europesays.com\/pt\/wp-json\/wp\/v2\/tags?post=136321"}],"curies":[{"name":"wp","href":"https:\/\/api.w.org\/{rel}","templated":true}]}}