{"id":136327,"date":"2025-11-02T09:28:11","date_gmt":"2025-11-02T09:28:11","guid":{"rendered":"https:\/\/www.europesays.com\/pt\/136327\/"},"modified":"2025-11-02T09:28:11","modified_gmt":"2025-11-02T09:28:11","slug":"lamine-yamal-termina-namoro-e-responde-sobre-infidelidade-diz-jornalista","status":"publish","type":"post","link":"https:\/\/www.europesays.com\/pt\/136327\/","title":{"rendered":"Lamine Yamal termina namoro e responde sobre infidelidade, diz jornalista"},"content":{"rendered":"<p class=\"w-full text-lg font-krub text-gray-500 leading-30\">O atacante <strong class=\"font-bold\">Lamine Yamal<\/strong>, do <strong class=\"font-bold\">Barcelona<\/strong>, anunciou o fim do seu relacionamento com a cantora argentina <strong class=\"font-bold\">Nicki Nicole<\/strong>. Juntos desde julho deste ano, os rumores j\u00e1 circulavam h\u00e1 alguns dias e agora foram confirmados. A um jornalista espanhol, o jovem garantiu que <strong class=\"font-bold\">n\u00e3o houve trai\u00e7\u00e3o<\/strong> de nenhum dos dois lados.<\/p>\n<p>continua ap\u00f3s a publicidade<\/p>\n<p class=\"w-full text-lg font-krub text-gray-500 leading-30\">A informa\u00e7\u00e3o foi confidenciada a Javi Hoyos, que deu a not\u00edcia em primeira m\u00e3o. &#8220;N\u00e3o estamos juntos. N\u00e3o foi por nenhuma trai\u00e7\u00e3o. Simplesmente, estamos separados. Tudo que est\u00e1 sendo divulgado n\u00e3o tem rela\u00e7\u00e3o com nossa rela\u00e7\u00e3o&#8221;, comentou o atleta, encerrando quaisquer d\u00favidas e boatos sobre o relacionamentos dos jovens.<\/p>\n<p class=\"w-full text-lg font-krub text-gray-500 leading-30\">O namoro de Yamal e Nicki dois gerou muita repercuss\u00e3o e sempre esteve em alta. Entre <strong class=\"font-bold\"><a href=\"https:\/\/www.lance.com.br\/fora-de-campo\/site-aponta-traicao-de-affair-de-lamine-yamal-com-jogador-do-real-madrid.html\" class=\"font-bold break-normal hover:underline\" style=\"color:var(--green-lance)\" rel=\"nofollow noopener\" target=\"_blank\">rumor de affair<\/a><\/strong> e uma <strong class=\"font-bold\"><a href=\"https:\/\/www.lance.com.br\/fora-de-campo\/lamine-yamal-nao-tem-o-apoio-da-familia-no-relacionamento-com-a-namorada-nicki-nicole-entenda.html\" class=\"font-bold break-normal hover:underline\" style=\"color:var(--green-lance)\" rel=\"nofollow noopener\" target=\"_blank\">suposta desaprova\u00e7\u00e3o por parte da fam\u00edlia do jogador<\/a><\/strong>, Lamine homenageou a ent\u00e3o namorada em mais de uma comemora\u00e7\u00e3o de gol. Nascida em Ros\u00e1rio, na Argentina, Nicole tem 25 anos e \u00e9 cantora. Ganhou fama com o seu R&amp;B contempor\u00e2neo mesclado ao reggaeton que a rendeu oito indica\u00e7\u00f5es ao Grammy, apesar de nunca ter levado o famoso gramofone para casa.<\/p>\n<p>continua ap\u00f3s a publicidade<\/p>\n<p class=\"w-full text-lg font-krub text-gray-500 leading-30\">\ud83d\udcf2<strong class=\"font-bold\"><a href=\"https:\/\/whatsapp.com\/channel\/0029Va7p95rBfxoAiHM8Ob0m?utm_source=cta&amp;utm_medium=whatsappforadecampo&amp;utm_id=whatsapp\" class=\"font-bold break-normal hover:underline\" style=\"color:var(--green-lance)\" target=\"_blank\" rel=\"nofollow noopener\">\u00a0Siga o Lance! Fora de Campo no WhatsApp e saiba o que rola fora das 4 linhas<\/a><\/strong><\/p>\n<p><img alt=\"Yamal em a\u00e7\u00e3o no duelo contra o Real Madrid (Foto: Oscar del Pozo\/AFP)\" loading=\"lazy\" width=\"850\" height=\"530\" decoding=\"async\" data-nimg=\"1\" class=\"w-full rounded-lg\" style=\"color:transparent\" src=\"https:\/\/www.europesays.com\/pt\/wp-content\/uploads\/2025\/11\/Yamal-em-acao-no-duelo-contra-o-Real-Madrid-1920x1280.jpg\"\/>Yamal em a\u00e7\u00e3o no duelo contra o Real Madrid (Foto: Oscar del Pozo\/AFP)<\/p>\n<p>\ud83d\udcc6 Sequ\u00eancia do Barcelona, de Yamal, na temporada<\/p>\n<p class=\"w-full text-lg font-krub text-gray-500 leading-30\">O time de Yamal, que terminou o namoro, recebe o\u00a0<strong class=\"font-bold\">Elche<\/strong>, pela 11\u00aa rodada da\u00a0<strong class=\"font-bold\">La Liga<\/strong>, no pr\u00f3ximo domingo (2), \u00e0s 14h30 (hor\u00e1rio de Bras\u00edlia). Vice-colocado, o Barcelona busca uma recupera\u00e7\u00e3o ap\u00f3s a\u00a0<strong class=\"font-bold\"><a href=\"https:\/\/www.lance.com.br\/futebol-internacional\/mbappe-e-protagonista-e-real-madrid-vence-barcelona-em-la-liga.html\" class=\"font-bold break-normal hover:underline\" style=\"color:var(--green-lance)\" rel=\"nofollow noopener\" target=\"_blank\">derrota para o rival Real Madrid<\/a><\/strong>, no \u00faltimo domingo (26), que \u00e9 o atual l\u00edder, com cinco pontos a mais na tabela (22 e 27, respectivamente).<\/p>\n<p class=\"w-full text-lg font-krub text-gray-500 leading-30\">No meio da semana, as aten\u00e7\u00f5es viram para a\u00a0<strong class=\"font-bold\">Champions League<\/strong>. O Bar\u00e7a vai ao Est\u00e1dio Jan Breydel, em Bruges, na B\u00e9lgica, para enfrentar o\u00a0<strong class=\"font-bold\">Club Brugge<\/strong>, pela quarta rodada da competi\u00e7\u00e3o, na quarta-feira (5). Os Cul\u00e9s est\u00e3o na 9\u00aa coloca\u00e7\u00e3o, com seis pontos, somando duas vit\u00f3rias e uma derrota na fase de liga do torneio.<\/p>\n<p>continua ap\u00f3s a publicidade<\/p>\n","protected":false},"excerpt":{"rendered":"O atacante Lamine Yamal, do Barcelona, anunciou o fim do seu relacionamento com a cantora argentina Nicki Nicole.&hellip;\n","protected":false},"author":2,"featured_media":136328,"comment_status":"","ping_status":"","sticky":false,"template":"","format":"standard","meta":{"footnotes":""},"categories":[145],"tags":[1235,211,210,114,115,7912,8115,1017,32,33,21252],"class_list":{"0":"post-136327","1":"post","2":"type-post","3":"status-publish","4":"format-standard","5":"has-post-thumbnail","7":"category-celebridades","8":"tag-barcelona","9":"tag-celebridades","10":"tag-celebrities","11":"tag-entertainment","12":"tag-entretenimento","13":"tag-lamine-yamal","14":"tag-namorada","15":"tag-namoro","16":"tag-portugal","17":"tag-pt","18":"tag-yamal"},"share_on_mastodon":{"url":"https:\/\/pubeurope.com\/@pt\/115479400039739087","error":""},"_links":{"self":[{"href":"https:\/\/www.europesays.com\/pt\/wp-json\/wp\/v2\/posts\/136327","targetHints":{"allow":["GET"]}}],"collection":[{"href":"https:\/\/www.europesays.com\/pt\/wp-json\/wp\/v2\/posts"}],"about":[{"href":"https:\/\/www.europesays.com\/pt\/wp-json\/wp\/v2\/types\/post"}],"author":[{"embeddable":true,"href":"https:\/\/www.europesays.com\/pt\/wp-json\/wp\/v2\/users\/2"}],"replies":[{"embeddable":true,"href":"https:\/\/www.europesays.com\/pt\/wp-json\/wp\/v2\/comments?post=136327"}],"version-history":[{"count":0,"href":"https:\/\/www.europesays.com\/pt\/wp-json\/wp\/v2\/posts\/136327\/revisions"}],"wp:featuredmedia":[{"embeddable":true,"href":"https:\/\/www.europesays.com\/pt\/wp-json\/wp\/v2\/media\/136328"}],"wp:attachment":[{"href":"https:\/\/www.europesays.com\/pt\/wp-json\/wp\/v2\/media?parent=136327"}],"wp:term":[{"taxonomy":"category","embeddable":true,"href":"https:\/\/www.europesays.com\/pt\/wp-json\/wp\/v2\/categories?post=136327"},{"taxonomy":"post_tag","embeddable":true,"href":"https:\/\/www.europesays.com\/pt\/wp-json\/wp\/v2\/tags?post=136327"}],"curies":[{"name":"wp","href":"https:\/\/api.w.org\/{rel}","templated":true}]}}