{"id":136350,"date":"2025-11-02T09:56:24","date_gmt":"2025-11-02T09:56:24","guid":{"rendered":"https:\/\/www.europesays.com\/pt\/136350\/"},"modified":"2025-11-02T09:56:24","modified_gmt":"2025-11-02T09:56:24","slug":"luan-santana-ostenta-suv-mais-caro-do-mundo-e-patrimonio-bilionario","status":"publish","type":"post","link":"https:\/\/www.europesays.com\/pt\/136350\/","title":{"rendered":"Luan Santana ostenta SUV mais caro do mundo e patrim\u00f4nio bilion\u00e1rio"},"content":{"rendered":"<p>Mesmo com todo o luxo, o artista afirma que sua maior fortuna \u00e9 a vida simples ao lado da fam\u00edlia<\/p>\n<p><a href=\"https:\/\/cdn6.campograndenews.com.br\/uploads\/noticias\/2025\/11\/01\/48cf1888c66cb0edf52554542158b51e622696d6.png\" data-fslightbox=\"gallery\" data-title=\"Luan Santana ostenta SUV mais caro do mundo e patrim\u00f4nio bilion\u00e1rio\" rel=\"nofollow noopener\" target=\"_blank\"><img decoding=\"async\" src=\"https:\/\/www.europesays.com\/pt\/wp-content\/uploads\/2025\/11\/1n7lbkee7tsx1.png\" class=\"img-fluid\" width=\"800\" alt=\"Luan Santana ostenta SUV mais caro do mundo e patrim\u00f4nio bilion\u00e1rio\" title=\"Luan Santana ostenta SUV mais caro do mundo e patrim\u00f4nio bilion\u00e1rio\" height=\"575\"   loading=\"lazy\"\/><\/a>Luan posa em jipe na propriedade da fazenda Meteoro, em Aquidauana (Foto: reprodu\u00e7\u00e3o)<\/p>\n<p>O cantor sul-mato-grossense Luan Santana tem acumulado n\u00e3o apenas sucessos musicais, mas tamb\u00e9m uma das maiores fortunas do meio art\u00edstico brasileiro. Segundo o portal R7, o patrim\u00f4nio do artista ultrapassa R$ 1 bilh\u00e3o.<\/p>\n<p>O cantor Luan Santana, natural de Mato Grosso do Sul, acumula um patrim\u00f4nio estimado em mais de R$ 1 bilh\u00e3o. Durante a grava\u00e7\u00e3o de seu novo DVD, o artista chamou aten\u00e7\u00e3o ao dirigir um Rolls-Royce Cullinan Black Badge, avaliado em R$ 7,6 milh\u00f5es, considerado o SUV mais caro do mundo. Entre seus bens est\u00e3o uma casa de alto padr\u00e3o, onde vive com a fam\u00edlia, uma fazenda em Aquidauana (MS), um apartamento de luxo em Balne\u00e1rio Cambori\u00fa (SC) e um jatinho particular. Apesar da fortuna, o cantor afirma manter a humildade, relembrando seu primeiro sal\u00e1rio de R$ 50.<\/p>\n<p>No \u00faltimo s\u00e1bado (26), conforme divulgado pelo jornal O Globo, durante a grava\u00e7\u00e3o de seu novo DVD, Luan chamou a aten\u00e7\u00e3o ao deixar o local dirigindo um Rolls-Royce Cullinan Black Badge, avaliado em cerca de R$ 7,6 milh\u00f5es, considerado o SUV mais caro do mundo. O ve\u00edculo, que combina eleg\u00e2ncia e luxo, tem interior em couro alaranjado, teto solar el\u00e9trico e acabamento impec\u00e1vel.<\/p>\n<p>Entre os bens do cantor est\u00e3o uma casa de alto padr\u00e3o, onde mora com Jade Magalh\u00e3es e a filha, Serena, al\u00e9m de uma fazenda em Aquidauana, no interior de Mato Grosso do Sul. Batizada de Meteoro, em refer\u00eancia ao sucesso que o consagrou em 2009, a propriedade abriga cria\u00e7\u00e3o de gado e representa o lado empreendedor de Luan, que tem investido na pecu\u00e1ria.<\/p>\n<p><a href=\"https:\/\/cdn6.campograndenews.com.br\/uploads\/noticias\/2025\/11\/01\/18823a6598d315aacf5963584d91e3cdf8b0b7cc.png\" data-fslightbox=\"gallery\" data-title=\"Luan Santana ostenta SUV mais caro do mundo e patrim\u00f4nio bilion\u00e1rio\" rel=\"nofollow noopener\" target=\"_blank\"><img decoding=\"async\" src=\"https:\/\/www.europesays.com\/pt\/wp-content\/uploads\/2025\/11\/2n851471yj40w.png\" class=\"img-fluid\" width=\"800\" alt=\"Luan Santana ostenta SUV mais caro do mundo e patrim\u00f4nio bilion\u00e1rio\" title=\"Luan Santana ostenta SUV mais caro do mundo e patrim\u00f4nio bilion\u00e1rio\" height=\"352\"   loading=\"lazy\"\/><\/a>Rolls-Royce Cullinan Black Badge, avaliado em cerca de R$ 7,6 milh\u00f5es, considerado o SUV mais caro do mundo (Foto: divulga\u00e7\u00e3o)<\/p>\n<p>O artista tamb\u00e9m \u00e9 dono de um apartamento de luxo em Balne\u00e1rio Cambori\u00fa (SC), avaliado em cerca de R$ 4 milh\u00f5es. O im\u00f3vel fica em um dos edif\u00edcios mais altos do pa\u00eds e oferece comodidades como heliponto, cinema, academia, SPA, sal\u00e3o de beleza, bar panor\u00e2mico e cinco piscinas. Nas redes sociais, Luan costuma compartilhar registros a bordo de seu jatinho particular, usado para cumprir a intensa agenda de shows.<\/p>\n<p>Apesar da ostenta\u00e7\u00e3o que acompanha sua trajet\u00f3ria, o cantor afirma manter os p\u00e9s no ch\u00e3o. Em entrevista ao gshow, ele relembrou o in\u00edcio modesto da carreira. \u201cMeu primeiro sal\u00e1rio foi de R$ 50, e comprei um t\u00eanis. Mesmo podendo comprar uma Ferrari, n\u00e3o sou materialista. Ir pescar no <a href=\"https:\/\/www.campograndenews.com.br\/pantanal\" target=\"_blank\" rel=\"nofollow noopener\">Pantanal<\/a> e estar com minha fam\u00edlia e amigos \u00e9 a minha maior fortuna&#8221;.<\/p>\n<p>Receba as principais not\u00edcias do Estado pelo Whats. <a href=\"https:\/\/whatsapp.com\/channel\/0029Va6UwSHHltY8c4OtUb0j\" rel=\"noopener noreferrer nofollow\" target=\"_blank\">Clique aqui para acessar o <strong>canal do<\/strong> <strong>Campo Grande News<\/strong><\/a> e siga nossas <a href=\"https:\/\/www.tiktok.com\/@campograndenews?_t=8jKPysGs6SL&amp;_r=1\" rel=\"noopener noreferrer nofollow\" target=\"_blank\"><strong>redes sociais<\/strong><\/a>.<\/p>\n<p><script async src=\"\/\/www.tiktok.com\/embed.js\"><\/script><\/p>\n","protected":false},"excerpt":{"rendered":"Mesmo com todo o luxo, o artista afirma que sua maior fortuna \u00e9 a vida simples ao lado&hellip;\n","protected":false},"author":2,"featured_media":136351,"comment_status":"","ping_status":"","sticky":false,"template":"","format":"standard","meta":{"footnotes":""},"categories":[145],"tags":[30619,30622,30625,30618,211,210,30626,6012,114,115,753,30627,2513,30628,30621,30624,30623,32,33,1668,30620],"class_list":{"0":"post-136350","1":"post","2":"type-post","3":"status-publish","4":"format-standard","5":"has-post-thumbnail","7":"category-celebridades","8":"tag-acumulado","9":"tag-artstico-brasileiro","10":"tag-artista-ultrapassa-r-1-bilho","11":"tag-cantor-sul-mato-grossense-luan-santana","12":"tag-celebridades","13":"tag-celebrities","14":"tag-conforme-divulgado","15":"tag-durante","16":"tag-entertainment","17":"tag-entretenimento","18":"tag-globo","19":"tag-gravao","20":"tag-jornal","21":"tag-luan-chamou","22":"tag-maiores-fortunas","23":"tag-patrimnio","24":"tag-portal-r7","25":"tag-portugal","26":"tag-pt","27":"tag-sbado","28":"tag-sucessos-musicais"},"share_on_mastodon":{"url":"https:\/\/pubeurope.com\/@pt\/115479510135630289","error":""},"_links":{"self":[{"href":"https:\/\/www.europesays.com\/pt\/wp-json\/wp\/v2\/posts\/136350","targetHints":{"allow":["GET"]}}],"collection":[{"href":"https:\/\/www.europesays.com\/pt\/wp-json\/wp\/v2\/posts"}],"about":[{"href":"https:\/\/www.europesays.com\/pt\/wp-json\/wp\/v2\/types\/post"}],"author":[{"embeddable":true,"href":"https:\/\/www.europesays.com\/pt\/wp-json\/wp\/v2\/users\/2"}],"replies":[{"embeddable":true,"href":"https:\/\/www.europesays.com\/pt\/wp-json\/wp\/v2\/comments?post=136350"}],"version-history":[{"count":0,"href":"https:\/\/www.europesays.com\/pt\/wp-json\/wp\/v2\/posts\/136350\/revisions"}],"wp:featuredmedia":[{"embeddable":true,"href":"https:\/\/www.europesays.com\/pt\/wp-json\/wp\/v2\/media\/136351"}],"wp:attachment":[{"href":"https:\/\/www.europesays.com\/pt\/wp-json\/wp\/v2\/media?parent=136350"}],"wp:term":[{"taxonomy":"category","embeddable":true,"href":"https:\/\/www.europesays.com\/pt\/wp-json\/wp\/v2\/categories?post=136350"},{"taxonomy":"post_tag","embeddable":true,"href":"https:\/\/www.europesays.com\/pt\/wp-json\/wp\/v2\/tags?post=136350"}],"curies":[{"name":"wp","href":"https:\/\/api.w.org\/{rel}","templated":true}]}}