{"id":136360,"date":"2025-11-02T10:11:14","date_gmt":"2025-11-02T10:11:14","guid":{"rendered":"https:\/\/www.europesays.com\/pt\/136360\/"},"modified":"2025-11-02T10:11:14","modified_gmt":"2025-11-02T10:11:14","slug":"nao-e-so-o-salao-de-baile-trump-exibe-renovacao-da-casa-de-banho-lincoln-na-casa-branca","status":"publish","type":"post","link":"https:\/\/www.europesays.com\/pt\/136360\/","title":{"rendered":"N\u00e3o \u00e9 s\u00f3 o sal\u00e3o de baile: Trump exibe renova\u00e7\u00e3o da casa de banho Lincoln na Casa Branca"},"content":{"rendered":"<p>A vers\u00e3o anterior da casa de banho, de cerca de 80 anos, tinha azulejos verde-claros e ilumina\u00e7\u00e3o fluorescente, segundo uma fotografia publicada por Trump na rede Truth Social. Agora, as instala\u00e7\u00f5es contam com metais e espelhos dourados, al\u00e9m de paredes de m\u00e1rmore branco e cinzenta, revelou o presidente, publicando mais de 20 fotos da divis\u00e3o.<\/p>\n<p>&#8220;Renovei a Casa de Banho Lincoln da Casa Branca. Foi renovada na d\u00e9cada de 1940 com azulejos verdes no estilo art d\u00e9co, o que era totalmente inapropriado para a \u00e9poca de Lincoln&#8221;, publicou Trump. &#8220;Eu fi-lo em m\u00e1rmore Statutario polido preto e branco. Isso era muito apropriado para a \u00e9poca de Abraham Lincoln, e, na verdade, poderia ser o m\u00e1rmore original!&#8221;.<\/p>\n<p data-remotead-prev-elm=\"true\" data-remotead-elm-id=\"centro1\">A revela\u00e7\u00e3o \u00e9 feita dias ap\u00f3s Trump gerar pol\u00e9mica ao demolir toda a Ala Leste da Casa Branca para construir um sal\u00e3o de baile gigante. A renova\u00e7\u00e3o da casa de banho, no entanto, foi a primeira grande obra realizada na resid\u00eancia presidencial.<\/p>\n<p>O casa de banho fica perto do Quarto Lincoln, localizado no segundo andar da mans\u00e3o onde reside o presidente dos Estados Unidos. O quarto funcionava como escrit\u00f3rio e sala de reuni\u00e3o do falecido presidente e ganhou um novo nome em 1945, quando Harry Truman ordenou que fosse decorado com m\u00f3veis da \u00e9poca de Lincoln, segundo a Associa\u00e7\u00e3o Hist\u00f3rica da Casa Branca.<\/p>\n<p>O empres\u00e1rio Elon Musk afirmou ter dormido v\u00e1rias vezes no quarto, a convite de Trump, quando chefiava o Departamento de Efici\u00eancia Governamental.<\/p>\n<p>Donald Trump, um bilion\u00e1rio de 79 anos que trabalhava no ramo imobili\u00e1rio, embarcou com entusiasmo numa s\u00e9rie de projetos de reforma e constru\u00e7\u00e3o que muitos cr\u00edticos consideram de mau gosto.<\/p>\n","protected":false},"excerpt":{"rendered":"A vers\u00e3o anterior da casa de banho, de cerca de 80 anos, tinha azulejos verde-claros e ilumina\u00e7\u00e3o fluorescente,&hellip;\n","protected":false},"author":2,"featured_media":136361,"comment_status":"","ping_status":"","sticky":false,"template":"","format":"standard","meta":{"footnotes":""},"categories":[50],"tags":[27,28,5914,92,413,15,16,14,25,26,21,22,62,12,13,19,20,23,24,17,18,29,30,31,63,64,65],"class_list":{"0":"post-136360","1":"post","2":"type-post","3":"status-publish","4":"format-standard","5":"has-post-thumbnail","7":"category-mundo","8":"tag-breaking-news","9":"tag-breakingnews","10":"tag-casa-branca","11":"tag-donald-trump","12":"tag-eua","13":"tag-featured-news","14":"tag-featurednews","15":"tag-headlines","16":"tag-latest-news","17":"tag-latestnews","18":"tag-main-news","19":"tag-mainnews","20":"tag-mundo","21":"tag-news","22":"tag-noticias","23":"tag-noticias-principais","24":"tag-noticiasprincipais","25":"tag-principais-noticias","26":"tag-principaisnoticias","27":"tag-top-stories","28":"tag-topstories","29":"tag-ultimas","30":"tag-ultimas-noticias","31":"tag-ultimasnoticias","32":"tag-world","33":"tag-world-news","34":"tag-worldnews"},"share_on_mastodon":{"url":"https:\/\/pubeurope.com\/@pt\/115479568891743500","error":""},"_links":{"self":[{"href":"https:\/\/www.europesays.com\/pt\/wp-json\/wp\/v2\/posts\/136360","targetHints":{"allow":["GET"]}}],"collection":[{"href":"https:\/\/www.europesays.com\/pt\/wp-json\/wp\/v2\/posts"}],"about":[{"href":"https:\/\/www.europesays.com\/pt\/wp-json\/wp\/v2\/types\/post"}],"author":[{"embeddable":true,"href":"https:\/\/www.europesays.com\/pt\/wp-json\/wp\/v2\/users\/2"}],"replies":[{"embeddable":true,"href":"https:\/\/www.europesays.com\/pt\/wp-json\/wp\/v2\/comments?post=136360"}],"version-history":[{"count":0,"href":"https:\/\/www.europesays.com\/pt\/wp-json\/wp\/v2\/posts\/136360\/revisions"}],"wp:featuredmedia":[{"embeddable":true,"href":"https:\/\/www.europesays.com\/pt\/wp-json\/wp\/v2\/media\/136361"}],"wp:attachment":[{"href":"https:\/\/www.europesays.com\/pt\/wp-json\/wp\/v2\/media?parent=136360"}],"wp:term":[{"taxonomy":"category","embeddable":true,"href":"https:\/\/www.europesays.com\/pt\/wp-json\/wp\/v2\/categories?post=136360"},{"taxonomy":"post_tag","embeddable":true,"href":"https:\/\/www.europesays.com\/pt\/wp-json\/wp\/v2\/tags?post=136360"}],"curies":[{"name":"wp","href":"https:\/\/api.w.org\/{rel}","templated":true}]}}