{"id":136370,"date":"2025-11-02T10:22:21","date_gmt":"2025-11-02T10:22:21","guid":{"rendered":"https:\/\/www.europesays.com\/pt\/136370\/"},"modified":"2025-11-02T10:22:21","modified_gmt":"2025-11-02T10:22:21","slug":"novidades-no-prime-video-para-novembro-de-2025","status":"publish","type":"post","link":"https:\/\/www.europesays.com\/pt\/136370\/","title":{"rendered":"Novidades no Prime Video para novembro de 2025"},"content":{"rendered":"<p>Com os dias mais curtos e a chuva l\u00e1 fora, as tardes de cinema j\u00e1 s\u00e3o perfeitamente aceit\u00e1veis. No Prime Video, novembro chega repleto de estreias, para n\u00e3o faltarem as ideias, com especial destaque para hist\u00f3rias portuguesas.<\/p>\n<p><a target=\"_blank\" href=\"https:\/\/pplware.sapo.pt\/wp-content\/uploads\/2025\/02\/filmes_series_cinema.jpg\" onclick=\"refreshIframe()\" class=\"foobox\" rel=\"nofollow noopener\"><img fetchpriority=\"high\" decoding=\"async\" src=\"https:\/\/www.europesays.com\/pt\/wp-content\/uploads\/2025\/11\/filmes_series_cinema-720x405.jpg\" alt=\"\" width=\"720\" height=\"405\" class=\"aligncenter size-medium wp-image-1044755\"  \/><\/a>\n<\/p>\n<p>Al\u00e9m das estreias inclu\u00eddas no plano para este m\u00eas de novembro, o Prime Video disponibilizou, tamb\u00e9m, conte\u00fados para compra ou aluguer: 3.\u00aa temporada da s\u00e9rie The White Lotus; os filmes Ningu\u00e9m 2 e Eddington; e a 2.\u00aa temporada da s\u00e9rie The Last of Us.<\/p>\n<p>Recorde-se que, nesta temporada 2025-26, os membros Prime Video, em Portugal, t\u00eam acesso exclusivo aos da \u00e9poca regular para a temporada da NBA e, tamb\u00e9m, NBA Berlin e London Games. O primeiro jogo de novembro acontece no dia 2.<\/p>\n<p>Novembro &#8211; Ningu\u00e9m Como Tu (s\u00e9rie)<\/p>\n<p><a target=\"_blank\" href=\"https:\/\/pplware.sapo.pt\/wp-content\/uploads\/2025\/10\/Ninguem-Como-Tu.png\" onclick=\"refreshIframe()\" class=\"foobox\" rel=\"nofollow noopener\"><img loading=\"lazy\" decoding=\"async\" src=\"https:\/\/www.europesays.com\/pt\/wp-content\/uploads\/2025\/11\/Ninguem-Como-Tu-720x405.png\" alt=\"\" width=\"720\" height=\"405\" class=\"aligncenter size-medium wp-image-1086218\"  \/><\/a><\/p>\n<p>O remake desta novela de sucesso vai retratar a luta permanente pela conquista dos sonhos que d\u00e3o sentido \u00e0 exist\u00eancia humana.<\/p>\n<p>Para a inescrupulosa Lu\u00edsa Albuquerque \u00e9 para isso que o dinheiro serve: realizar sonhos. At\u00e9 ao dia em que recebe uma senten\u00e7a fatal: tem apenas um ano de vida.<\/p>\n<p>Perante a revela\u00e7\u00e3o de que, afinal, o mais importante o dinheiro n\u00e3o compra, at\u00e9 onde \u00e9 que ser\u00e1 capaz de ir para encontrar a felicidade e o amor que guiam a vida?<\/p>\n<p>Dia 1 &#8211; Exorcismo Sagrado (filme)<\/p>\n<p><a target=\"_blank\" href=\"https:\/\/pplware.sapo.pt\/wp-content\/uploads\/2025\/10\/exorcismo-sagrado.png\" onclick=\"refreshIframe()\" class=\"foobox\" rel=\"nofollow noopener\"><img loading=\"lazy\" decoding=\"async\" src=\"https:\/\/www.europesays.com\/pt\/wp-content\/uploads\/2025\/11\/exorcismo-sagrado-720x405.png\" alt=\"\" width=\"720\" height=\"405\" class=\"aligncenter size-medium wp-image-1086227\"  \/><\/a><\/p>\n<p>Um padre americano no M\u00e9xico \u00e9 possu\u00eddo por um dem\u00f3nio durante um exorcismo e comete um terr\u00edvel sacril\u00e9gio. Dezoito anos depois, as consequ\u00eancias desse pecado regressam para o assombrar.<\/p>\n<p>Dia 5 &#8211; O Predador: A Ca\u00e7ada (filme)<\/p>\n<p><a target=\"_blank\" href=\"https:\/\/pplware.sapo.pt\/wp-content\/uploads\/2025\/10\/predador.png\" onclick=\"refreshIframe()\" class=\"foobox\" rel=\"nofollow noopener\"><img loading=\"lazy\" decoding=\"async\" src=\"https:\/\/www.europesays.com\/pt\/wp-content\/uploads\/2025\/11\/predador-720x405.png\" alt=\"\" width=\"720\" height=\"405\" class=\"aligncenter size-medium wp-image-1086221\"  \/><\/a><\/p>\n<p>H\u00e1 300 anos, no territ\u00f3rio da Na\u00e7\u00e3o Comanche, a guerreira Naru luta para proteger a sua tribo de um dos primeiros Predadores a chegar \u00e0 Terra.<\/p>\n<p>Dia 6 &#8211; Maxton Hall: 2.\u00aa Temporada (s\u00e9rie)<\/p>\n<p><a target=\"_blank\" href=\"https:\/\/pplware.sapo.pt\/wp-content\/uploads\/2025\/10\/maxton-scaled.jpg\" onclick=\"refreshIframe()\" class=\"foobox\" rel=\"nofollow noopener\"><img loading=\"lazy\" decoding=\"async\" src=\"https:\/\/www.europesays.com\/pt\/wp-content\/uploads\/2025\/11\/maxton-720x405.jpg\" alt=\"\" width=\"720\" height=\"405\" class=\"aligncenter size-medium wp-image-1086217\"  \/><\/a><\/p>\n<p>Aqueles que voam alto tamb\u00e9m podem cair&#8230; Depois de uma noite apaixonada em Oxford e com o maior objetivo das suas vidas ao seu alcance, tudo parece perfeito para Ruby, mas um acontecimento dram\u00e1tico na fam\u00edlia de James muda tudo, fazendo-o descer das nuvens e enfrentar a dura realidade.<\/p>\n<p>Dia 7 &#8211; Tatsuki Fujimoto 17-26 (s\u00e9rie)<\/p>\n<p><a target=\"_blank\" href=\"https:\/\/www.europesays.com\/pt\/wp-content\/uploads\/2025\/11\/Tatsuki-Fujimoto.png\" onclick=\"refreshIframe()\" class=\"foobox\"><img loading=\"lazy\" decoding=\"async\" src=\"https:\/\/www.europesays.com\/pt\/wp-content\/uploads\/2025\/11\/Tatsuki-Fujimoto.png\" alt=\"\" width=\"682\" height=\"384\" class=\"aligncenter size-full wp-image-1086223\"  \/><\/a><\/p>\n<p>Uma adapta\u00e7\u00e3o de hist\u00f3rias curtas do autor, explorando temas sombrios e surreais com personagens \u00fanicos.<\/p>\n<p>Cada epis\u00f3dio apresenta uma narrativa independente, revelando o estilo criativo e ousado de Fujimoto.<\/p>\n<p>Dia 7 &#8211; Balas &amp; Bolinhos: S\u00f3 Mais uma Coisa (filme)<\/p>\n<p><a target=\"_blank\" href=\"https:\/\/pplware.sapo.pt\/wp-content\/uploads\/2025\/10\/balas-e-bolinhos.png\" onclick=\"refreshIframe()\" class=\"foobox\" rel=\"nofollow noopener\"><img loading=\"lazy\" decoding=\"async\" src=\"https:\/\/www.europesays.com\/pt\/wp-content\/uploads\/2025\/11\/balas-e-bolinhos-720x405.png\" alt=\"\" width=\"720\" height=\"405\" class=\"aligncenter size-medium wp-image-1086213\"  \/><\/a><\/p>\n<p>Culatra, Rato e Tone s\u00e3o for\u00e7ados a regressar \u00e0 casa dos pais, onde tentam novamente agarrar a oportunidade das suas vidas.<\/p>\n<p>No entanto, tudo se complica quando este reencontro se transforma numa verdadeira confus\u00e3o.<\/p>\n<p>Dia 10 &#8211; Fam\u00edlia Batman (s\u00e9rie)<\/p>\n<p><a target=\"_blank\" href=\"https:\/\/pplware.sapo.pt\/wp-content\/uploads\/2025\/10\/batman.png\" onclick=\"refreshIframe()\" class=\"foobox\" rel=\"nofollow noopener\"><img loading=\"lazy\" decoding=\"async\" src=\"https:\/\/www.europesays.com\/pt\/wp-content\/uploads\/2025\/11\/batman-720x405.png\" alt=\"\" width=\"720\" height=\"405\" class=\"aligncenter size-medium wp-image-1086214\"  \/><\/a><\/p>\n<p>Acompanha Batman, Alfred e o jovem Damian Wayne enquanto vivem com um grupo inesperado de novos colegas de casa e protegem a cidade de Gotham.<\/p>\n<p>Dia 11 &#8211; Mal\u00edcia (s\u00e9rie)<\/p>\n<p><a target=\"_blank\" href=\"https:\/\/pplware.sapo.pt\/wp-content\/uploads\/2025\/10\/malicia.png\" onclick=\"refreshIframe()\" class=\"foobox\" rel=\"nofollow noopener\"><img loading=\"lazy\" decoding=\"async\" src=\"https:\/\/www.europesays.com\/pt\/wp-content\/uploads\/2025\/11\/malicia-720x405.png\" alt=\"\" width=\"720\" height=\"405\" class=\"aligncenter size-medium wp-image-1086216\"  \/><\/a><\/p>\n<p>Ap\u00f3s a sua liberta\u00e7\u00e3o da pris\u00e3o, Hugo Lopez, o l\u00edder psicopata da seita The Sons of Saturn, come\u00e7a a atormentar o ex-pol\u00edcia cuja filha matou h\u00e1 tr\u00eas anos.<\/p>\n<p>Dia 12 &#8211; Playdate (filme)<\/p>\n<p><a target=\"_blank\" href=\"https:\/\/www.europesays.com\/pt\/wp-content\/uploads\/2025\/11\/playdate.png\" onclick=\"refreshIframe()\" class=\"foobox\"><img loading=\"lazy\" decoding=\"async\" src=\"https:\/\/www.europesays.com\/pt\/wp-content\/uploads\/2025\/11\/playdate.png\" alt=\"\" width=\"720\" height=\"405\" class=\"aligncenter size-full wp-image-1086220\"  \/><\/a><\/p>\n<p>Quando Brian (Kevin James) &#8211; um contabilista recentemente desempregado &#8211; decide encontrar-se com Jeff (Alan Ritchson) &#8211; um pai a tempo inteiro &#8211; e os seus filhos, espera por uma tarde tranquila de conversa e jogos de futebol.<\/p>\n<p>No entanto, v\u00ea-se envolvido numa luta ca\u00f3tica pela sobreviv\u00eancia, enquanto s\u00e3o perseguidos por um grupo implac\u00e1vel de mercen\u00e1rios.<\/p>\n<p>Dia 14 &#8211; O P\u00e1tio da Saudade (filme)<\/p>\n<p><a target=\"_blank\" href=\"https:\/\/pplware.sapo.pt\/wp-content\/uploads\/2025\/10\/patio-da-saudade.png\" onclick=\"refreshIframe()\" class=\"foobox\" rel=\"nofollow noopener\"><img loading=\"lazy\" decoding=\"async\" src=\"https:\/\/www.europesays.com\/pt\/wp-content\/uploads\/2025\/11\/patio-da-saudade-720x405.png\" alt=\"\" width=\"720\" height=\"405\" class=\"aligncenter size-medium wp-image-1086219\"  \/><\/a><\/p>\n<p>Vanessa herda um teatro em ru\u00ednas e, com a ajuda dos amigos, tenta devolver-lhe o esplendor de outros tempos. Por\u00e9m, o dono de um teatro rival far\u00e1 de tudo para destruir o seu sonho.<\/p>\n<p>Dia 18 &#8211; Zona de Risco (filme)<\/p>\n<p><a target=\"_blank\" href=\"https:\/\/pplware.sapo.pt\/wp-content\/uploads\/2025\/10\/zona-de-risco.png\" onclick=\"refreshIframe()\" class=\"foobox\" rel=\"nofollow noopener\"><img loading=\"lazy\" decoding=\"async\" src=\"https:\/\/www.europesays.com\/pt\/wp-content\/uploads\/2025\/11\/zona-de-risco-720x405.png\" alt=\"\" width=\"720\" height=\"405\" class=\"aligncenter size-medium wp-image-1086226\"  \/><\/a><\/p>\n<p>Um piloto de drone e um jovem oficial das For\u00e7as A\u00e9reas s\u00e3o as \u00fanicas esperan\u00e7as numa emboscada nas Filipinas.<\/p>\n<p>T\u00eam 48 horas para resgatar os soldados antes que a miss\u00e3o se transforme num desastre.<\/p>\n<p>Dia 19 &#8211; The Mighty Nein (s\u00e9rie)<\/p>\n<p><a target=\"_blank\" href=\"https:\/\/pplware.sapo.pt\/wp-content\/uploads\/2025\/10\/The-Mighty-Nein.png\" onclick=\"refreshIframe()\" class=\"foobox\" rel=\"nofollow noopener\"><img loading=\"lazy\" decoding=\"async\" src=\"https:\/\/www.europesays.com\/pt\/wp-content\/uploads\/2025\/11\/The-Mighty-Nein-720x405.png\" alt=\"\" width=\"720\" height=\"405\" class=\"aligncenter size-medium wp-image-1086224\"  \/><\/a><\/p>\n<p>Acompanha um grupo de criminosos e desajustados que s\u00e3o os \u00fanicos capazes de impedir que o reino mergulhe no caos, quando um artefato capaz de mudar a realidade cai nas m\u00e3os erradas.<\/p>\n<p>Dia 21 &#8211; Lee (filme)<\/p>\n<p><a target=\"_blank\" href=\"https:\/\/pplware.sapo.pt\/wp-content\/uploads\/2025\/10\/lee.png\" onclick=\"refreshIframe()\" class=\"foobox\" rel=\"nofollow noopener\"><img loading=\"lazy\" decoding=\"async\" src=\"https:\/\/www.europesays.com\/pt\/wp-content\/uploads\/2025\/11\/lee-720x405.png\" alt=\"\" width=\"720\" height=\"405\" class=\"aligncenter size-medium wp-image-1086215\"  \/><\/a><\/p>\n<p>A correspondente de guerra Lee Miller viaja para as linhas da frente da Segunda Guerra Mundial para revelar as verdades ocultas do Terceiro Reich.<\/p>\n<p>Contudo, na sequ\u00eancia da trai\u00e7\u00e3o, um acerto de contas amea\u00e7a expor segredos do seu pr\u00f3prio passado.<\/p>\n<p>Dia 26 &#8211; She Rides Shotgun (filme)<\/p>\n<p><a target=\"_blank\" href=\"https:\/\/pplware.sapo.pt\/wp-content\/uploads\/2025\/10\/She-Rides-Shotgun.png\" onclick=\"refreshIframe()\" class=\"foobox\" rel=\"nofollow noopener\"><img loading=\"lazy\" decoding=\"async\" src=\"https:\/\/www.europesays.com\/pt\/wp-content\/uploads\/2025\/11\/She-Rides-Shotgun-720x405.png\" alt=\"\" width=\"720\" height=\"405\" class=\"aligncenter size-medium wp-image-1086222\"  \/><\/a><\/p>\n<p>Uma rapariga marcada para morrer precisa de lutar e roubar para sobreviver, aprendendo com o homem mais assustador que conhece &#8211; o seu pai. Uma adapta\u00e7\u00e3o do premiado romance de Jordan Harper.<\/p>\n<p>Dia 28 &#8211; Venom: A \u00daltima Dan\u00e7a (filme)<\/p>\n<p><a target=\"_blank\" href=\"https:\/\/pplware.sapo.pt\/wp-content\/uploads\/2025\/10\/venm.png\" onclick=\"refreshIframe()\" class=\"foobox\" rel=\"nofollow noopener\"><img loading=\"lazy\" decoding=\"async\" src=\"https:\/\/www.europesays.com\/pt\/wp-content\/uploads\/2025\/11\/venm-720x405.png\" alt=\"\" width=\"720\" height=\"405\" class=\"aligncenter size-medium wp-image-1086225\"  \/><\/a><\/p>\n<p>Eddie Brock e Venom enfrentam uma decis\u00e3o devastadora enquanto s\u00e3o perseguidos por for\u00e7as militares e monstros alien\u00edgenas do planeta natal de Venom.<\/p>\n<p>Para aceder a estas novidades, basta <strong>criar uma conta Amazon Prime, aproveitando o per\u00edodo gratuito<\/strong> de teste da plataforma.<\/p>\n<p><a target=\"_blank\" class=\"wpcmsdev-button color-blue\" href=\"https:\/\/www.primevideo.com\/?&amp;tag=ID_de_afiliado-21\" rel=\"nofollow noopener\">Amazon Prime<\/a><\/p>\n","protected":false},"excerpt":{"rendered":"Com os dias mais curtos e a chuva l\u00e1 fora, as tardes de cinema j\u00e1 s\u00e3o perfeitamente aceit\u00e1veis.&hellip;\n","protected":false},"author":2,"featured_media":63232,"comment_status":"","ping_status":"","sticky":false,"template":"","format":"standard","meta":{"footnotes":""},"categories":[85],"tags":[114,115,1042,32,1587,33],"class_list":{"0":"post-136370","1":"post","2":"type-post","3":"status-publish","4":"format-standard","5":"has-post-thumbnail","7":"category-entretenimento","8":"tag-entertainment","9":"tag-entretenimento","10":"tag-estreias","11":"tag-portugal","12":"tag-prime-video","13":"tag-pt"},"share_on_mastodon":{"url":"https:\/\/pubeurope.com\/@pt\/115479613565560089","error":""},"_links":{"self":[{"href":"https:\/\/www.europesays.com\/pt\/wp-json\/wp\/v2\/posts\/136370","targetHints":{"allow":["GET"]}}],"collection":[{"href":"https:\/\/www.europesays.com\/pt\/wp-json\/wp\/v2\/posts"}],"about":[{"href":"https:\/\/www.europesays.com\/pt\/wp-json\/wp\/v2\/types\/post"}],"author":[{"embeddable":true,"href":"https:\/\/www.europesays.com\/pt\/wp-json\/wp\/v2\/users\/2"}],"replies":[{"embeddable":true,"href":"https:\/\/www.europesays.com\/pt\/wp-json\/wp\/v2\/comments?post=136370"}],"version-history":[{"count":0,"href":"https:\/\/www.europesays.com\/pt\/wp-json\/wp\/v2\/posts\/136370\/revisions"}],"wp:featuredmedia":[{"embeddable":true,"href":"https:\/\/www.europesays.com\/pt\/wp-json\/wp\/v2\/media\/63232"}],"wp:attachment":[{"href":"https:\/\/www.europesays.com\/pt\/wp-json\/wp\/v2\/media?parent=136370"}],"wp:term":[{"taxonomy":"category","embeddable":true,"href":"https:\/\/www.europesays.com\/pt\/wp-json\/wp\/v2\/categories?post=136370"},{"taxonomy":"post_tag","embeddable":true,"href":"https:\/\/www.europesays.com\/pt\/wp-json\/wp\/v2\/tags?post=136370"}],"curies":[{"name":"wp","href":"https:\/\/api.w.org\/{rel}","templated":true}]}}