{"id":136375,"date":"2025-11-02T10:25:11","date_gmt":"2025-11-02T10:25:11","guid":{"rendered":"https:\/\/www.europesays.com\/pt\/136375\/"},"modified":"2025-11-02T10:25:11","modified_gmt":"2025-11-02T10:25:11","slug":"dois-policias-detidos-por-violar-jovem-em-tribunal-de-paris","status":"publish","type":"post","link":"https:\/\/www.europesays.com\/pt\/136375\/","title":{"rendered":"Dois pol\u00edcias detidos por violar jovem em tribunal de Paris"},"content":{"rendered":"<p data-remotead-prev-elm=\"true\" data-remotead-elm-id=\"inread\">Os dois agentes est\u00e3o acusados de viola\u00e7\u00e3o e agress\u00e3o sexual cometidos por pessoas que abusaram da autoridade conferida pelos seus cargos.<\/p>\n<p>\u00c0 \u00e9poca dos factos, o jovem estava na procuradoria do tribunal de Bobigny por &#8220;descumprimento, por parte de um dos pais, da suas obriga\u00e7\u00f5es legais que comprometem a sa\u00fade, a seguran\u00e7a, a moralidade ou a educa\u00e7\u00e3o do filho&#8221;, indicou o procurador \u00c9ric Mathais, num comunicado.<\/p>\n<p>Na tarde de quarta-feira, &#8220;revelou ter sido v\u00edtima de duas viola\u00e7\u00f5es durante a noite de 28 para 29 de outubro, cometidos por dois agentes&#8221; da pol\u00edcia, explicou Mathais, acrescentando que foram colocados sob cust\u00f3dia policial na quinta-feira.<\/p>\n<p data-remotead-prev-elm=\"true\" data-remotead-elm-id=\"centro1\">Ambos reconheceram ter mantido rela\u00e7\u00f5es sexuais com a mulher, mas afirmaram que foram consensuais, informou na sexta-feira \u00e0 AFP uma fonte pr\u00f3xima ao caso. Nogueras, advogado de um dos acusados, alegou que se tratava de uma &#8220;rela\u00e7\u00e3o consentida&#8221;.<\/p>\n<p>Outra fonte pr\u00f3xima ao caso disse que a jovem tem 26 anos, e os pol\u00edcias 35 e 23.<\/p>\n<p>O ministro do Interior, Laurent Nu\u00f1ez, declarou na quinta-feira que &#8220;se confirmados, estes factos s\u00e3o extremamente graves e inaceit\u00e1veis&#8221;, acrescentando na sua declara\u00e7\u00e3o \u00e0 AFP que os dois agentes &#8220;foram suspensos imediatamente&#8221;.<\/p>\n","protected":false},"excerpt":{"rendered":"Os dois agentes est\u00e3o acusados de viola\u00e7\u00e3o e agress\u00e3o sexual cometidos por pessoas que abusaram da autoridade conferida&hellip;\n","protected":false},"author":2,"featured_media":136376,"comment_status":"","ping_status":"","sticky":false,"template":"","format":"standard","meta":{"footnotes":""},"categories":[50],"tags":[27,28,15,16,208,14,25,26,21,22,62,12,13,19,20,23,24,17,18,29,30,31,8102,63,64,65],"class_list":{"0":"post-136375","1":"post","2":"type-post","3":"status-publish","4":"format-standard","5":"has-post-thumbnail","7":"category-mundo","8":"tag-breaking-news","9":"tag-breakingnews","10":"tag-featured-news","11":"tag-featurednews","12":"tag-franca","13":"tag-headlines","14":"tag-latest-news","15":"tag-latestnews","16":"tag-main-news","17":"tag-mainnews","18":"tag-mundo","19":"tag-news","20":"tag-noticias","21":"tag-noticias-principais","22":"tag-noticiasprincipais","23":"tag-principais-noticias","24":"tag-principaisnoticias","25":"tag-top-stories","26":"tag-topstories","27":"tag-ultimas","28":"tag-ultimas-noticias","29":"tag-ultimasnoticias","30":"tag-violacao","31":"tag-world","32":"tag-world-news","33":"tag-worldnews"},"share_on_mastodon":{"url":"https:\/\/pubeurope.com\/@pt\/115479623967664345","error":""},"_links":{"self":[{"href":"https:\/\/www.europesays.com\/pt\/wp-json\/wp\/v2\/posts\/136375","targetHints":{"allow":["GET"]}}],"collection":[{"href":"https:\/\/www.europesays.com\/pt\/wp-json\/wp\/v2\/posts"}],"about":[{"href":"https:\/\/www.europesays.com\/pt\/wp-json\/wp\/v2\/types\/post"}],"author":[{"embeddable":true,"href":"https:\/\/www.europesays.com\/pt\/wp-json\/wp\/v2\/users\/2"}],"replies":[{"embeddable":true,"href":"https:\/\/www.europesays.com\/pt\/wp-json\/wp\/v2\/comments?post=136375"}],"version-history":[{"count":0,"href":"https:\/\/www.europesays.com\/pt\/wp-json\/wp\/v2\/posts\/136375\/revisions"}],"wp:featuredmedia":[{"embeddable":true,"href":"https:\/\/www.europesays.com\/pt\/wp-json\/wp\/v2\/media\/136376"}],"wp:attachment":[{"href":"https:\/\/www.europesays.com\/pt\/wp-json\/wp\/v2\/media?parent=136375"}],"wp:term":[{"taxonomy":"category","embeddable":true,"href":"https:\/\/www.europesays.com\/pt\/wp-json\/wp\/v2\/categories?post=136375"},{"taxonomy":"post_tag","embeddable":true,"href":"https:\/\/www.europesays.com\/pt\/wp-json\/wp\/v2\/tags?post=136375"}],"curies":[{"name":"wp","href":"https:\/\/api.w.org\/{rel}","templated":true}]}}