{"id":136399,"date":"2025-11-02T10:50:44","date_gmt":"2025-11-02T10:50:44","guid":{"rendered":"https:\/\/www.europesays.com\/pt\/136399\/"},"modified":"2025-11-02T10:50:44","modified_gmt":"2025-11-02T10:50:44","slug":"novembro-promete-ser-o-mes-da-sorte-financeira-para-este-signo-do-zodiaco-dois-as-10","status":"publish","type":"post","link":"https:\/\/www.europesays.com\/pt\/136399\/","title":{"rendered":"Novembro promete ser o m\u00eas da sorte financeira para este signo do zod\u00edaco &#8211; Dois \u00e0s 10"},"content":{"rendered":"<p>                        Novembro chega com promessas de abund\u00e2ncia e mudan\u00e7as positivas para um signo do Zod\u00edaco. Depois de um per\u00edodo de conten\u00e7\u00e3o e desafios, os astros alinham-se para abrir portas, atrair oportunidades e at\u00e9 trazer ajudas inesperadas.<\/p>\n<p data-end=\"377\" data-start=\"107\">O m\u00eas de novembro promete ser um verdadeiro impulso financeiro para os nativos de <strong data-end=\"214\" data-start=\"203\">Balan\u00e7a<\/strong>, segundo as previs\u00f5es da astr\u00f3loga <strong data-end=\"264\" data-start=\"250\">Joana Dias<\/strong>. Depois de tempos de conten\u00e7\u00e3o, chega agora um per\u00edodo de <strong data-end=\"374\" data-start=\"323\">crescimento, oportunidades e ajudas inesperadas<\/strong>.<\/p>\n<blockquote data-end=\"642\" data-start=\"379\">\n<p data-end=\"642\" data-start=\"381\"><strong>\u201cEst\u00e3o com tudo! Se querem crescer e expandir, este m\u00eas \u00e9 o m\u00eas!\u201d<\/strong>, garante Joana Dias, sublinhando que <strong data-end=\"525\" data-start=\"484\">Urano traz dinheiro para cima da mesa<\/strong> e pode abrir caminhos inesperados, seja atrav\u00e9s de novos projetos, parcerias ou apoios que surgem de forma s\u00fabita.<\/p>\n<\/blockquote>\n<p data-end=\"853\" data-start=\"644\">A astr\u00f3loga deixa ainda um conselho importante: <strong data-end=\"740\" data-start=\"692\">\u201cDeixem os egos de lado e aceitem as ajudas\u201d<\/strong>, refor\u00e7ando que novembro ser\u00e1 um m\u00eas de recompensa para quem se esfor\u00e7ou e manteve a f\u00e9 nos pr\u00f3prios talentos.<\/p>\n<p data-end=\"962\" data-start=\"855\">Apesar da boa mar\u00e9 financeira, Joana alerta que o stress pode afetar o equil\u00edbrio emocional dos balan\u00e7as:<\/p>\n<blockquote data-end=\"1075\" data-start=\"963\">\n<p data-end=\"1075\" data-start=\"965\"><strong>\u201cA ansiedade vai estar presente. Uns v\u00e3o desforrar-se na comida, outros no gin\u00e1sio \u2014 depende do vosso p\u00f3lo!\u201d<\/strong><\/p>\n<\/blockquote>\n<p data-end=\"1200\" data-is-last-node=\"\" data-is-only-node=\"\" data-start=\"1077\">Com os astros a favor, o segredo est\u00e1 em manter o foco, agir sem medo e acreditar que este m\u00eas <strong data-end=\"1199\" data-start=\"1172\">tem tudo para acontecer<\/strong>.<\/p>\n<blockquote class=\"instagram-media\" data-instgrm-captioned=\"\" data-instgrm-permalink=\"https:\/\/www.instagram.com\/p\/DQeQuwCCj22\/?utm_source=ig_embed&amp;utm_campaign=loading\" data-instgrm-version=\"14\" style=\" background:#FFF; border:0; border-radius:3px; box-shadow:0 0 1px 0 rgba(0,0,0,0.5),0 1px 10px 0 rgba(0,0,0,0.15); margin: 1px; max-width:540px; min-width:326px; padding:0; width:99.375%; width:-webkit-calc(100% - 2px); width:calc(100% - 2px);\">\n<\/blockquote>\n<p>                    <script async src=\"\/\/www.instagram.com\/embed.js\"><\/script><\/p>\n","protected":false},"excerpt":{"rendered":"Novembro chega com promessas de abund\u00e2ncia e mudan\u00e7as positivas para um signo do Zod\u00edaco. Depois de um per\u00edodo&hellip;\n","protected":false},"author":2,"featured_media":136400,"comment_status":"","ping_status":"","sticky":false,"template":"","format":"standard","meta":{"footnotes":""},"categories":[85],"tags":[329,166,3412,3406,3409,801,3410,3411,3407,3408,114,115,221,3413,338,32,33,2468,5347],"class_list":{"0":"post-136399","1":"post","2":"type-post","3":"status-publish","4":"format-standard","5":"has-post-thumbnail","7":"category-entretenimento","8":"tag-claudio-ramos","9":"tag-cristina-ferreira","10":"tag-dois-10","11":"tag-dois-a-s-10-dois-a-s-10","12":"tag-dois-a-s-dez","13":"tag-dois-as-10","14":"tag-dois-as-dez","15":"tag-dois-dez","16":"tag-doisas10","17":"tag-doisasdez","18":"tag-entertainment","19":"tag-entretenimento","20":"tag-horoscopo","21":"tag-manha-tvi","22":"tag-maria-botelho-moniz","23":"tag-portugal","24":"tag-pt","25":"tag-signos","26":"tag-tarologa"},"share_on_mastodon":{"url":"https:\/\/pubeurope.com\/@pt\/115479722565413438","error":""},"_links":{"self":[{"href":"https:\/\/www.europesays.com\/pt\/wp-json\/wp\/v2\/posts\/136399","targetHints":{"allow":["GET"]}}],"collection":[{"href":"https:\/\/www.europesays.com\/pt\/wp-json\/wp\/v2\/posts"}],"about":[{"href":"https:\/\/www.europesays.com\/pt\/wp-json\/wp\/v2\/types\/post"}],"author":[{"embeddable":true,"href":"https:\/\/www.europesays.com\/pt\/wp-json\/wp\/v2\/users\/2"}],"replies":[{"embeddable":true,"href":"https:\/\/www.europesays.com\/pt\/wp-json\/wp\/v2\/comments?post=136399"}],"version-history":[{"count":0,"href":"https:\/\/www.europesays.com\/pt\/wp-json\/wp\/v2\/posts\/136399\/revisions"}],"wp:featuredmedia":[{"embeddable":true,"href":"https:\/\/www.europesays.com\/pt\/wp-json\/wp\/v2\/media\/136400"}],"wp:attachment":[{"href":"https:\/\/www.europesays.com\/pt\/wp-json\/wp\/v2\/media?parent=136399"}],"wp:term":[{"taxonomy":"category","embeddable":true,"href":"https:\/\/www.europesays.com\/pt\/wp-json\/wp\/v2\/categories?post=136399"},{"taxonomy":"post_tag","embeddable":true,"href":"https:\/\/www.europesays.com\/pt\/wp-json\/wp\/v2\/tags?post=136399"}],"curies":[{"name":"wp","href":"https:\/\/api.w.org\/{rel}","templated":true}]}}