{"id":136415,"date":"2025-11-02T11:07:18","date_gmt":"2025-11-02T11:07:18","guid":{"rendered":"https:\/\/www.europesays.com\/pt\/136415\/"},"modified":"2025-11-02T11:07:18","modified_gmt":"2025-11-02T11:07:18","slug":"marcelo-defende-maior-consenso-possivel-em-materias-como-a-lei-da-nacionalidade","status":"publish","type":"post","link":"https:\/\/www.europesays.com\/pt\/136415\/","title":{"rendered":"Marcelo defende maior consenso poss\u00edvel em mat\u00e9rias como a Lei da Nacionalidade"},"content":{"rendered":"<p>&#13;<br \/>\nInterrogado pelos jornalistas, \u00e0 margem da cerim\u00f3nia de inaugura\u00e7\u00e3o do Grande Museu Eg\u00edpcio, se lamenta que o PS tenha ficado fora da recente revis\u00e3o da Lei da Nacionalidade, que foi aprovada no parlamento por PSD, Chega, IL, CDS-PP e JPP, e que h\u00e1 de chegar em breve ao Pal\u00e1cio de Bel\u00e9m, o chefe de Estado enquadrou essa legisla\u00e7\u00e3o num conjunto de &#8220;mat\u00e9rias que s\u00e3o muito transversais&#8221;.&#13;\n<\/p>\n<p>&#13;<br \/>\n<b>&#8220;Nessas mat\u00e9rias,\u00a0eu acho que quanto maior for o consenso\u00a0a n\u00edvel parlamentar, melhor.\u00a0Porqu\u00ea? Por uma raz\u00e3o muito simples:\u00a0porque n\u00e3o h\u00e1 o risco de, quando muda o Governo,\u00a0poder mudar a pol\u00edtica\u00a0e passar-se de pol\u00edtica em pol\u00edtica. N\u00e3o h\u00e1 vantagem nisso. H\u00e1 vantagem numa certa estabilidade&#8221;<\/b>, defendeu.&#13;\n<\/p>\n<p>&#13;<br \/>\nSegundo Marcelo Rebelo de Sousa, o mesmo se aplica \u00e0 sa\u00fade, \u00e0 educa\u00e7\u00e3o, \u00e0 habita\u00e7\u00e3o e \u00e0 justi\u00e7a:\u00a0&#8220;Na justi\u00e7a, j\u00e1 tenho defendido isso\u00a0muito. Se puder, ainda talvez fale nisso\u00a0oportunamente&#8221;.&#13;\n<\/p>\n<p>&#13;<br \/>\n<b>&#8220;Ora, outras mat\u00e9rias onde \u00e9 importante\u00a0esse consenso \u00e9 precisamente as que dizem\u00a0a respeito a aspetos fundamentais\u00a0do estatuto jur\u00eddico das pessoas,\u00a0portugueses, estrangeiros.\u00a0Enfim, de uma maneira geral\u00a0tudo isso faz sentido\u00a0ser o mais consensual poss\u00edvel&#8221;<\/b>, acrescentou. <\/p>\n<p>          <img decoding=\"async\" itemprop=\"image\" class=\"img-fluid\"   src=\"https:\/\/www.europesays.com\/pt\/wp-content\/uploads\/2025\/11\/ec4a289ea3f472d14d57bdcbf82eaf13_N.jpg\"\/><\/p>\n<p>&#13;<br \/>\nNa ter\u00e7a-feira foi aprovada no parlamento, em vota\u00e7\u00e3o final global, a revis\u00e3o da Lei da Nacionalidade, com 157 votos a favor, de PSD, Chega, IL, CDS-PP e JPP, que correspondem a mais de dois ter\u00e7os, e 64 votos contra, de PS, Livre, PCP, BE e PAN.&#13;\n<\/p>\n<p>&#13;<br \/>\nCom a mesma vota\u00e7\u00e3o, foi aprovada uma altera\u00e7\u00e3o ao C\u00f3digo Penal que prev\u00ea a perda de nacionalidade como pena acess\u00f3ria para quem seja condenado com pena de pris\u00e3o efetiva de quatro anos ou mais.&#13;\n<\/p>\n<p>&#13;<br \/>\nOs dois decretos, que tiveram origem numa proposta de lei do Governo PSD\/CDS-PP, ainda aguardam fixa\u00e7\u00e3o de reda\u00e7\u00e3o final para depois serem enviados para o Presidente da Rep\u00fablica.&#13;\n<\/p>\n<p>&#13;<br \/>\n\u00a0&#13;\n<\/p>\n<p>&#13;<br \/>\nC\/Lusa&#13;<\/p>\n","protected":false},"excerpt":{"rendered":"&#13; Interrogado pelos jornalistas, \u00e0 margem da cerim\u00f3nia de inaugura\u00e7\u00e3o do Grande Museu Eg\u00edpcio, se lamenta que o&hellip;\n","protected":false},"author":2,"featured_media":136416,"comment_status":"","ping_status":"","sticky":false,"template":"","format":"standard","meta":{"footnotes":""},"categories":[50],"tags":[27,28,25871,15,16,14,25,26,21,22,62,15579,12,13,19,20,23,24,17,18,29,30,31,63,64,65],"class_list":{"0":"post-136415","1":"post","2":"type-post","3":"status-publish","4":"format-standard","5":"has-post-thumbnail","7":"category-mundo","8":"tag-breaking-news","9":"tag-breakingnews","10":"tag-egito-abdel-fattah","11":"tag-featured-news","12":"tag-featurednews","13":"tag-headlines","14":"tag-latest-news","15":"tag-latestnews","16":"tag-main-news","17":"tag-mainnews","18":"tag-mundo","19":"tag-nacionalidade","20":"tag-news","21":"tag-noticias","22":"tag-noticias-principais","23":"tag-noticiasprincipais","24":"tag-principais-noticias","25":"tag-principaisnoticias","26":"tag-top-stories","27":"tag-topstories","28":"tag-ultimas","29":"tag-ultimas-noticias","30":"tag-ultimasnoticias","31":"tag-world","32":"tag-world-news","33":"tag-worldnews"},"share_on_mastodon":{"url":"https:\/\/pubeurope.com\/@pt\/115479789300886088","error":""},"_links":{"self":[{"href":"https:\/\/www.europesays.com\/pt\/wp-json\/wp\/v2\/posts\/136415","targetHints":{"allow":["GET"]}}],"collection":[{"href":"https:\/\/www.europesays.com\/pt\/wp-json\/wp\/v2\/posts"}],"about":[{"href":"https:\/\/www.europesays.com\/pt\/wp-json\/wp\/v2\/types\/post"}],"author":[{"embeddable":true,"href":"https:\/\/www.europesays.com\/pt\/wp-json\/wp\/v2\/users\/2"}],"replies":[{"embeddable":true,"href":"https:\/\/www.europesays.com\/pt\/wp-json\/wp\/v2\/comments?post=136415"}],"version-history":[{"count":0,"href":"https:\/\/www.europesays.com\/pt\/wp-json\/wp\/v2\/posts\/136415\/revisions"}],"wp:featuredmedia":[{"embeddable":true,"href":"https:\/\/www.europesays.com\/pt\/wp-json\/wp\/v2\/media\/136416"}],"wp:attachment":[{"href":"https:\/\/www.europesays.com\/pt\/wp-json\/wp\/v2\/media?parent=136415"}],"wp:term":[{"taxonomy":"category","embeddable":true,"href":"https:\/\/www.europesays.com\/pt\/wp-json\/wp\/v2\/categories?post=136415"},{"taxonomy":"post_tag","embeddable":true,"href":"https:\/\/www.europesays.com\/pt\/wp-json\/wp\/v2\/tags?post=136415"}],"curies":[{"name":"wp","href":"https:\/\/api.w.org\/{rel}","templated":true}]}}