{"id":136421,"date":"2025-11-02T11:13:09","date_gmt":"2025-11-02T11:13:09","guid":{"rendered":"https:\/\/www.europesays.com\/pt\/136421\/"},"modified":"2025-11-02T11:13:09","modified_gmt":"2025-11-02T11:13:09","slug":"vem-ai-em-terra-forte-flor-esta-a-esconder-segredo-de-todos-novelas","status":"publish","type":"post","link":"https:\/\/www.europesays.com\/pt\/136421\/","title":{"rendered":"Vem a\u00ed em \u00abTerra Forte\u00bb: Flor est\u00e1 a esconder segredo de todos? &#8211; Novelas"},"content":{"rendered":"<p>Em \u00abTerra Forte\u00bb, <a href=\"https:\/\/tvi.iol.pt\/novelas\/fotos\/vem-ai-em-terra-forte-em-lagrimas-e-rejeitada-rosa-maria-deixa-flor-para-tras\/68f64dafd34e58bc6797196e\" rel=\"nofollow noopener\" target=\"_blank\">Rosa Maria (Cust\u00f3dia Gallego)<\/a> abra\u00e7a feliz a filha por ela querer regressar ao Brasil. <a href=\"https:\/\/tvi.iol.pt\/novelas\/videos\/terra-forte-maria-de-fatima-e-manuel-tinham-um-caso\/68f65cdc0cf29d28d82976cb\" rel=\"nofollow noopener\" target=\"_blank\">Maria de F\u00e1tima (Rita Pereira)<\/a> fica aliviada por <a href=\"https:\/\/tvi.iol.pt\/novelas\/videos\/terra-forte-no-dia-do-seu-aniversario-flor-recebe-uma-visita-inesperada\/68f65c7a0cf29d28d82976c8\" rel=\"nofollow noopener\" target=\"_blank\">Flor (Benedita Pereira)<\/a>\u00a0informar que n\u00e3o vai por muito tempo, por os A\u00e7ores serem agora a sua casa. Rosinha surge com <a href=\"https:\/\/tvi.iol.pt\/novelas\/videos\/terra-forte-dudu-apresenta-rosinha-a-sammy-e-a-rosa-maria\/68f7b86d0cf29d28d8297a76\" rel=\"nofollow noopener\" target=\"_blank\">Dudu (Tom\u00e1s Taborda)<\/a>\u00a0e diz \u00e0 m\u00e3e, que ela est\u00e1 a prejudicar a fam\u00edlia se n\u00e3o aceitar a sua heran\u00e7a.<\/p>\n<p>Flor repreende <a href=\"https:\/\/tvi.iol.pt\/novelas\/videos\/terra-forte-rosinha-salva-a-vida-de-dudu\/68f61d030cf29d28d8297586\" rel=\"nofollow noopener\" target=\"_blank\">Rosinha (Francisca Salgado)<\/a>\u00a0por se estar a meter naquele assunto da heran\u00e7a e segreda-lhe discretamente ao ouvido para que confie nela. Maria de F\u00e1tima e <a href=\"https:\/\/tvi.iol.pt\/novelas\/videos\/terra-forte-sammy-fica-sem-chao-ao-descobrir-que-flor-e-a-mae-de-rosinha\/68f7b83e0cf29d28d8297a75\" rel=\"nofollow noopener\" target=\"_blank\">Sammy (Jos\u00e9 Fidalgo)<\/a>\u00a0ficam constrangidos por Flor os confrontar que eles foram os que mais lucraram com o seu desaparecimento.<\/p>\n","protected":false},"excerpt":{"rendered":"Em \u00abTerra Forte\u00bb, Rosa Maria (Cust\u00f3dia Gallego) abra\u00e7a feliz a filha por ela querer regressar ao Brasil. Maria&hellip;\n","protected":false},"author":2,"featured_media":136422,"comment_status":"","ping_status":"","sticky":false,"template":"","format":"standard","meta":{"footnotes":""},"categories":[142],"tags":[160,27121,7951,166,18259,7094,114,115,157,167,978,27915,2727,164,8598,161,158,165,159,32,33,156,5871,27871,27917,26751,18614,163,27916,151,162],"class_list":{"0":"post-136421","1":"post","2":"type-post","3":"status-publish","4":"format-standard","5":"has-post-thumbnail","7":"category-tv","8":"tag-ana-guiomar","9":"tag-antonio","10":"tag-benedita-pereira","11":"tag-cristina-ferreira","12":"tag-custodia-gallego","13":"tag-dudu","14":"tag-entertainment","15":"tag-entretenimento","16":"tag-festa-e-festa","17":"tag-ficcao","18":"tag-flor","19":"tag-francisca-salgado","20":"tag-joao-catarre","21":"tag-jose-fidalgo","22":"tag-maria-de-fatima","23":"tag-novelas","24":"tag-para-sempre","25":"tag-pedro-sousa","26":"tag-pedro-teixeira","27":"tag-portugal","28":"tag-pt","29":"tag-queridos-papas","30":"tag-rita-pereira","31":"tag-rosa-maria","32":"tag-rosinha","33":"tag-sammy","34":"tag-terra-forte","35":"tag-tiago-teotonio-pereira","36":"tag-tomas-taborda","37":"tag-tv","38":"tag-tvi"},"share_on_mastodon":{"url":"","error":""},"_links":{"self":[{"href":"https:\/\/www.europesays.com\/pt\/wp-json\/wp\/v2\/posts\/136421","targetHints":{"allow":["GET"]}}],"collection":[{"href":"https:\/\/www.europesays.com\/pt\/wp-json\/wp\/v2\/posts"}],"about":[{"href":"https:\/\/www.europesays.com\/pt\/wp-json\/wp\/v2\/types\/post"}],"author":[{"embeddable":true,"href":"https:\/\/www.europesays.com\/pt\/wp-json\/wp\/v2\/users\/2"}],"replies":[{"embeddable":true,"href":"https:\/\/www.europesays.com\/pt\/wp-json\/wp\/v2\/comments?post=136421"}],"version-history":[{"count":0,"href":"https:\/\/www.europesays.com\/pt\/wp-json\/wp\/v2\/posts\/136421\/revisions"}],"wp:featuredmedia":[{"embeddable":true,"href":"https:\/\/www.europesays.com\/pt\/wp-json\/wp\/v2\/media\/136422"}],"wp:attachment":[{"href":"https:\/\/www.europesays.com\/pt\/wp-json\/wp\/v2\/media?parent=136421"}],"wp:term":[{"taxonomy":"category","embeddable":true,"href":"https:\/\/www.europesays.com\/pt\/wp-json\/wp\/v2\/categories?post=136421"},{"taxonomy":"post_tag","embeddable":true,"href":"https:\/\/www.europesays.com\/pt\/wp-json\/wp\/v2\/tags?post=136421"}],"curies":[{"name":"wp","href":"https:\/\/api.w.org\/{rel}","templated":true}]}}