{"id":136442,"date":"2025-11-02T11:33:19","date_gmt":"2025-11-02T11:33:19","guid":{"rendered":"https:\/\/www.europesays.com\/pt\/136442\/"},"modified":"2025-11-02T11:33:19","modified_gmt":"2025-11-02T11:33:19","slug":"filha-de-neymar-operada-de-urgencia-apos-acidente-domestico","status":"publish","type":"post","link":"https:\/\/www.europesays.com\/pt\/136442\/","title":{"rendered":"Filha de Neymar operada de urg\u00eancia ap\u00f3s acidente dom\u00e9stico"},"content":{"rendered":"<p data-remotead-prev-elm=\"true\" data-remotead-elm-id=\"inread\">A filha de Neymar Jr. e da influenciadora Amanda Kimberlly sofreu um acidente dom\u00e9stico na sexta-feira e foi submetida a uma cirurgia de emerg\u00eancia. Helena, de apenas um ano, prendeu o dedo numa porta, ferimento que a m\u00e3e descreveu como &#8220;feio&#8221;.<\/p>\n<p>Amanda partilhou o momento de preocupa\u00e7\u00e3o com os seguidores no Instagram: &#8220;\u00daltimo dia do m\u00eas e dona Helena deu-nos um grande susto. Mesmo com um curativo enorme no bracinho, a pequena est\u00e1 bem, brincando e sem dor. Crian\u00e7as recuperam t\u00e3o r\u00e1pido que impressiona.&#8221;<\/p>\n<p>A influenciadora acrescentou: &#8220;Vi crian\u00e7as a passar por situa\u00e7\u00f5es bem mais dif\u00edceis que a da Helena. Agradeci a Deus pela sa\u00fade dela e por estarmos a regressar a casa. O cora\u00e7\u00e3o da mam\u00e3 agora vai-se acalmando, cheio de f\u00e9 e gratid\u00e3o.&#8221;<\/p>\n<p>Prepara\u00e7\u00e3o para o regresso ao Santos<\/p>\n<p data-remotead-prev-elm=\"true\" data-remotead-elm-id=\"centro1\">Enquanto a fam\u00edlia lidava com o susto, Neymar prepara-se para regressar aos relvados pelo Santos. O avan\u00e7ado, que recupera de uma les\u00e3o no m\u00fasculo reto femoral da coxa direita, pediu para ser inclu\u00eddo na convocat\u00f3ria do encontro deste s\u00e1bado frente ao Fortaleza, a contar para o Brasileir\u00e3o.<\/p>\n<p>Caso seja utilizado, ser\u00e1 o primeiro jogo do internacional brasileiro desde 14 de setembro. O jogador n\u00e3o comentou publicamente o acidente da filha.<\/p>\n<p>O futebol tem mais tr\u00eas filhos: Davi Lucca, com Carol Dantas, e Mavie e Mel, com Bruna Biancardi.<\/p>\n","protected":false},"excerpt":{"rendered":"A filha de Neymar Jr. e da influenciadora Amanda Kimberlly sofreu um acidente dom\u00e9stico na sexta-feira e foi&hellip;\n","protected":false},"author":2,"featured_media":136443,"comment_status":"","ping_status":"","sticky":false,"template":"","format":"standard","meta":{"footnotes":""},"categories":[85],"tags":[59,726,114,115,1127,1996,712,32,33],"class_list":{"0":"post-136442","1":"post","2":"type-post","3":"status-publish","4":"format-standard","5":"has-post-thumbnail","7":"category-entretenimento","8":"tag-acidente","9":"tag-brasil","10":"tag-entertainment","11":"tag-entretenimento","12":"tag-filha","13":"tag-neymar","14":"tag-pessoas","15":"tag-portugal","16":"tag-pt"},"share_on_mastodon":{"url":"https:\/\/pubeurope.com\/@pt\/115479891563010417","error":""},"_links":{"self":[{"href":"https:\/\/www.europesays.com\/pt\/wp-json\/wp\/v2\/posts\/136442","targetHints":{"allow":["GET"]}}],"collection":[{"href":"https:\/\/www.europesays.com\/pt\/wp-json\/wp\/v2\/posts"}],"about":[{"href":"https:\/\/www.europesays.com\/pt\/wp-json\/wp\/v2\/types\/post"}],"author":[{"embeddable":true,"href":"https:\/\/www.europesays.com\/pt\/wp-json\/wp\/v2\/users\/2"}],"replies":[{"embeddable":true,"href":"https:\/\/www.europesays.com\/pt\/wp-json\/wp\/v2\/comments?post=136442"}],"version-history":[{"count":0,"href":"https:\/\/www.europesays.com\/pt\/wp-json\/wp\/v2\/posts\/136442\/revisions"}],"wp:featuredmedia":[{"embeddable":true,"href":"https:\/\/www.europesays.com\/pt\/wp-json\/wp\/v2\/media\/136443"}],"wp:attachment":[{"href":"https:\/\/www.europesays.com\/pt\/wp-json\/wp\/v2\/media?parent=136442"}],"wp:term":[{"taxonomy":"category","embeddable":true,"href":"https:\/\/www.europesays.com\/pt\/wp-json\/wp\/v2\/categories?post=136442"},{"taxonomy":"post_tag","embeddable":true,"href":"https:\/\/www.europesays.com\/pt\/wp-json\/wp\/v2\/tags?post=136442"}],"curies":[{"name":"wp","href":"https:\/\/api.w.org\/{rel}","templated":true}]}}