{"id":136508,"date":"2025-11-02T12:36:22","date_gmt":"2025-11-02T12:36:22","guid":{"rendered":"https:\/\/www.europesays.com\/pt\/136508\/"},"modified":"2025-11-02T12:36:22","modified_gmt":"2025-11-02T12:36:22","slug":"virginia-fonseca-passa-por-perrengue-na-mansao-de-vini-jr-nunca-mais","status":"publish","type":"post","link":"https:\/\/www.europesays.com\/pt\/136508\/","title":{"rendered":"Virginia Fonseca passa por perrengue na mans\u00e3o de Vini Jr: &#8220;Nunca mais&#8221;"},"content":{"rendered":"<p><a href=\"https:\/\/natelinha.uol.com.br\/famosos\/tudo-sobre\/virginia-fonseca\" rel=\"nofollow noopener\" target=\"_blank\">Virginia Fonseca<\/a> recorreu aos stories do Instagram na tarde deste s\u00e1bado (1\u00ba) para expor que passou por um perrengue chique em Madri, na Espanha. A apresentadora do SBT est\u00e1 hospedada na mans\u00e3o do namorado, Vini Jr.<\/p>\n<p>A influencer,\u00a0que est\u00e1 acompanhada dos filhos e de alguns amigos, relatou que teve que tomar banho frio, j\u00e1 que o chuveiro apresentou problema. &#8220;Acabei de passar por uma prova de resist\u00eancia. Dezessete graus aqui em Madri, um frio! E o que aconteceu? \u00c1gua quente resolveu n\u00e3o sair, n\u00e3o funcionar&#8221;, contou.<\/p>\n<p>+ <a href=\"https:\/\/natelinha.uol.com.br\/televisao\/2025\/11\/01\/bete-mendes-se-emociona-ao-relatar-reencontro-com-torturador-233349.php\" rel=\"nofollow noopener\" target=\"_blank\">Bete Mendes se emociona ao relatar reencontro com torturador<\/a><\/p>\n<p>continua depois da publicidade<\/p>\n<p>+ <a href=\"https:\/\/natelinha.uol.com.br\/televisao\/2025\/11\/01\/william-bonner-surge-dancando-e-cantando-evidencias-apos-deixar-o-jornal-nacional-233347.php\" rel=\"nofollow noopener\" target=\"_blank\">William Bonner surge dan\u00e7ando e cantando Evid\u00eancias ap\u00f3s deixar o Jornal Nacional<\/a><\/p>\n<p>Virginia Fonseca afirmou que Tain\u00e1 Castro, esposa de \u00c9der Milit\u00e3o, a convidou para tomar banho em sua casa &#8211; o casal \u00e9 vizinho de Vini Jr -, mas ela optou por encarar a \u00e1gua gelada.<\/p>\n<p>&#8220;A Tain\u00e1 falou: &#8216;Amiga, vamos tomar banho aqui em casa&#8217;. Mas eu falei: &#8216;At\u00e9 eu juntar tudo, levar minhas coisas, roupa e etc, prefiro tomar banho gelado aqui mesmo'&#8221;, revelou.<\/p>\n<p>&#8220;Oi?! Fui tomar banho gelado e estou at\u00e9 tonta. Sabe quando fica anestesiada? Quando coloca a cara no gelo? Estou anestesiada! Nunca mais&#8221;, disse Virginia, aos risos.<\/p>\n<p>continua depois da publicidade<\/p>\n<p>Virginia Fonseca compartilha fotos com Vini Jr<\/p>\n<p><img decoding=\"async\" loading=\"lazy\" class=\"horizontal\" src=\"https:\/\/www.europesays.com\/pt\/wp-content\/uploads\/2025\/11\/virginia-fonseca-vini-jr_7036.jpeg\" alt=\"Virginia Fonseca passa por perrengue na mans\u00e3o de Vini Jr: \\\" nunca=\"\" mais=\"\"\/><\/p>\n<p>Mais cedo, Virginia Fonseca compartilhou\u00a0como estava sendo a sua manh\u00e3 de s\u00e1bado ao lado de Vini Jr &#8211; os pombinhos assumiram o relacionamento na \u00faltima ter\u00e7a-feira (28).<\/p>\n<p>&#8220;Bom dia, bom dia, bom dia&#8230; J\u00e1 estou aqui de p\u00e9, fazendo essa m\u00e1scara. Essa m\u00e1scara aqui eu comprei, n\u00e3o sei o que ela faz. Mas hoje \u00e9 dia de jogo e estou superempolgada. Vou levar minha faixa. O Vini quer morrer, mas eu vou levar. Vou ficar gritando: &#8216;Vini Jr&#8217; (risos). Estou brincando. A\u00ed j\u00e1 \u00e9 demais. Quem vem ser brega comigo?&#8221;, brincou.<\/p>\n<p>&#8220;Entramos em novembro! Gente, voc\u00eas t\u00eam no\u00e7\u00e3o? M\u00eas que vem \u00e9 Natal. Eu amo Natal, para mim \u00e9 a melhor \u00e9poca, melhor m\u00eas&#8230; M\u00eas que vem \u00e9 Natal. Daqui a dois meses \u00e9 2026. Que Deus aben\u00e7oe nosso m\u00eas de novembro, que seja incr\u00edvel, aben\u00e7oado, cheio de energias positivas, muita felicidade, muita sabedoria, tudo de bom&#8221;, disse.<\/p>\n<p>continua depois da publicidade<\/p>\n","protected":false},"excerpt":{"rendered":"Virginia Fonseca recorreu aos stories do Instagram na tarde deste s\u00e1bado (1\u00ba) para expor que passou por um&hellip;\n","protected":false},"author":2,"featured_media":136509,"comment_status":"","ping_status":"","sticky":false,"template":"","format":"standard","meta":{"footnotes":""},"categories":[145],"tags":[211,210,114,115,32,33,15529,1446],"class_list":{"0":"post-136508","1":"post","2":"type-post","3":"status-publish","4":"format-standard","5":"has-post-thumbnail","7":"category-celebridades","8":"tag-celebridades","9":"tag-celebrities","10":"tag-entertainment","11":"tag-entretenimento","12":"tag-portugal","13":"tag-pt","14":"tag-vinicius-junior","15":"tag-virginia-fonseca"},"share_on_mastodon":{"url":"https:\/\/pubeurope.com\/@pt\/115480139293845409","error":""},"_links":{"self":[{"href":"https:\/\/www.europesays.com\/pt\/wp-json\/wp\/v2\/posts\/136508","targetHints":{"allow":["GET"]}}],"collection":[{"href":"https:\/\/www.europesays.com\/pt\/wp-json\/wp\/v2\/posts"}],"about":[{"href":"https:\/\/www.europesays.com\/pt\/wp-json\/wp\/v2\/types\/post"}],"author":[{"embeddable":true,"href":"https:\/\/www.europesays.com\/pt\/wp-json\/wp\/v2\/users\/2"}],"replies":[{"embeddable":true,"href":"https:\/\/www.europesays.com\/pt\/wp-json\/wp\/v2\/comments?post=136508"}],"version-history":[{"count":0,"href":"https:\/\/www.europesays.com\/pt\/wp-json\/wp\/v2\/posts\/136508\/revisions"}],"wp:featuredmedia":[{"embeddable":true,"href":"https:\/\/www.europesays.com\/pt\/wp-json\/wp\/v2\/media\/136509"}],"wp:attachment":[{"href":"https:\/\/www.europesays.com\/pt\/wp-json\/wp\/v2\/media?parent=136508"}],"wp:term":[{"taxonomy":"category","embeddable":true,"href":"https:\/\/www.europesays.com\/pt\/wp-json\/wp\/v2\/categories?post=136508"},{"taxonomy":"post_tag","embeddable":true,"href":"https:\/\/www.europesays.com\/pt\/wp-json\/wp\/v2\/tags?post=136508"}],"curies":[{"name":"wp","href":"https:\/\/api.w.org\/{rel}","templated":true}]}}