{"id":136534,"date":"2025-11-02T13:09:11","date_gmt":"2025-11-02T13:09:11","guid":{"rendered":"https:\/\/www.europesays.com\/pt\/136534\/"},"modified":"2025-11-02T13:09:11","modified_gmt":"2025-11-02T13:09:11","slug":"rayane-toma-decisao-para-evitar-show-de-carol-antes-da-festa","status":"publish","type":"post","link":"https:\/\/www.europesays.com\/pt\/136534\/","title":{"rendered":"Rayane toma decis\u00e3o para evitar &#8216;show&#8217; de Carol antes da festa"},"content":{"rendered":"<p class=\"jarvics:base-text-neutral-high-400 base-text-[calc(theme(fontSize.xs)_*_var(--font-size,_1))] base-font-normal base-font-primary base-text-neutral-low-500 base-text-left\">Rayane Figliuzzi decidiu evitar um contratempo com Carol Lekker durante os preparativos para a festa Corrida Maluca desta sexta-feira (31). Isso porque, enquanto os pe\u00f5es se arrumavam para o evento, ela lamentou por n\u00e3o poder usar a chapinha, que estava sob posse da advers\u00e1ria: &#8220;Esquece a chapinha, vou botar um bon\u00e9&#8221;. Em conversa com Yon\u00e1 Sousa e Martina Sanzi, ela confessou que n\u00e3o queria intriga com a Miss Bumbum 2022: &#8220;Ela [Carol] vai dar um show e eu n\u00e3o estou a fim&#8221;. Assista ao momento!<\/p>\n<p><b>O PlayPlus agora \u00e9 RecordPlus: mais conte\u00fado da RECORD para voc\u00ea, ao vivo e de gra\u00e7a. Baixe o app <b><a href=\"https:\/\/descubra.recordplus.com\/\" rel=\"nofollow noopener\" target=\"_blank\">aqui!<\/a><\/b><\/b><\/p>\n","protected":false},"excerpt":{"rendered":"Rayane Figliuzzi decidiu evitar um contratempo com Carol Lekker durante os preparativos para a festa Corrida Maluca desta&hellip;\n","protected":false},"author":2,"featured_media":136535,"comment_status":"","ping_status":"","sticky":false,"template":"","format":"standard","meta":{"footnotes":""},"categories":[145],"tags":[657,21355,211,210,114,115,24774,32,33,15359,21864],"class_list":{"0":"post-136534","1":"post","2":"type-post","3":"status-publish","4":"format-standard","5":"has-post-thumbnail","7":"category-celebridades","8":"tag-a-fazenda","9":"tag-carol-lekker","10":"tag-celebridades","11":"tag-celebrities","12":"tag-entertainment","13":"tag-entretenimento","14":"tag-martina-sanzi","15":"tag-portugal","16":"tag-pt","17":"tag-rayane-figliuzzi","18":"tag-yona-sousa"},"share_on_mastodon":{"url":"https:\/\/pubeurope.com\/@pt\/115480268843240679","error":""},"_links":{"self":[{"href":"https:\/\/www.europesays.com\/pt\/wp-json\/wp\/v2\/posts\/136534","targetHints":{"allow":["GET"]}}],"collection":[{"href":"https:\/\/www.europesays.com\/pt\/wp-json\/wp\/v2\/posts"}],"about":[{"href":"https:\/\/www.europesays.com\/pt\/wp-json\/wp\/v2\/types\/post"}],"author":[{"embeddable":true,"href":"https:\/\/www.europesays.com\/pt\/wp-json\/wp\/v2\/users\/2"}],"replies":[{"embeddable":true,"href":"https:\/\/www.europesays.com\/pt\/wp-json\/wp\/v2\/comments?post=136534"}],"version-history":[{"count":0,"href":"https:\/\/www.europesays.com\/pt\/wp-json\/wp\/v2\/posts\/136534\/revisions"}],"wp:featuredmedia":[{"embeddable":true,"href":"https:\/\/www.europesays.com\/pt\/wp-json\/wp\/v2\/media\/136535"}],"wp:attachment":[{"href":"https:\/\/www.europesays.com\/pt\/wp-json\/wp\/v2\/media?parent=136534"}],"wp:term":[{"taxonomy":"category","embeddable":true,"href":"https:\/\/www.europesays.com\/pt\/wp-json\/wp\/v2\/categories?post=136534"},{"taxonomy":"post_tag","embeddable":true,"href":"https:\/\/www.europesays.com\/pt\/wp-json\/wp\/v2\/tags?post=136534"}],"curies":[{"name":"wp","href":"https:\/\/api.w.org\/{rel}","templated":true}]}}