{"id":136581,"date":"2025-11-02T13:59:08","date_gmt":"2025-11-02T13:59:08","guid":{"rendered":"https:\/\/www.europesays.com\/pt\/136581\/"},"modified":"2025-11-02T13:59:08","modified_gmt":"2025-11-02T13:59:08","slug":"vitor-pereira-despedido-do-wolverhampton-2","status":"publish","type":"post","link":"https:\/\/www.europesays.com\/pt\/136581\/","title":{"rendered":"V\u00edtor Pereira despedido do Wolverhampton"},"content":{"rendered":"<p>O treinador V\u00edtor Pereira foi despedido do Wolverhampton, sabe o <strong>Maisfutebol<\/strong>.<\/p>\n<p>O portugu\u00eas n\u00e3o resistiu \u00e0 sequ\u00eancia de maus resultados e acabou por ser demitido do comando t\u00e9cnico do clube ingl\u00eas, ap\u00f3s dez jornadas na Liga Inglesa, durante as quais somou dois empates e oito derrotas, fazendo apenas dois pontos.<\/p>\n<p>Recorde-se que em setembro o Wolverhampton tinha renovado contrato com o portugu\u00eas at\u00e9 2028.<\/p>\n","protected":false},"excerpt":{"rendered":"O treinador V\u00edtor Pereira foi despedido do Wolverhampton, sabe o Maisfutebol. O portugu\u00eas n\u00e3o resistiu \u00e0 sequ\u00eancia de&hellip;\n","protected":false},"author":2,"featured_media":128150,"comment_status":"","ping_status":"","sticky":false,"template":"","format":"standard","meta":{"footnotes":""},"categories":[8],"tags":[27,28,30647,30648,15,16,14,25,26,21,22,46,40,42,41,12,13,19,20,32,23,24,33,47,17,18,35,29,30,31,8131,4157,4159],"class_list":{"0":"post-136581","1":"post","2":"type-post","3":"status-publish","4":"format-standard","5":"has-post-thumbnail","7":"category-principais-noticias","8":"tag-breaking-news","9":"tag-breakingnews","10":"tag-demitido","11":"tag-despedido","12":"tag-featured-news","13":"tag-featurednews","14":"tag-headlines","15":"tag-latest-news","16":"tag-latestnews","17":"tag-main-news","18":"tag-mainnews","19":"tag-maisfutebol","20":"tag-maistransferencias","21":"tag-mercado","22":"tag-mercado-de-transferencias","23":"tag-news","24":"tag-noticias","25":"tag-noticias-principais","26":"tag-noticiasprincipais","27":"tag-portugal","28":"tag-principais-noticias","29":"tag-principaisnoticias","30":"tag-pt","31":"tag-pura-paixao","32":"tag-top-stories","33":"tag-topstories","34":"tag-transferencias","35":"tag-ultimas","36":"tag-ultimas-noticias","37":"tag-ultimasnoticias","38":"tag-vitor-pereira","39":"tag-wolverhampton","40":"tag-wolves"},"share_on_mastodon":{"url":"","error":"Validation failed: Text character limit of 500 exceeded"},"_links":{"self":[{"href":"https:\/\/www.europesays.com\/pt\/wp-json\/wp\/v2\/posts\/136581","targetHints":{"allow":["GET"]}}],"collection":[{"href":"https:\/\/www.europesays.com\/pt\/wp-json\/wp\/v2\/posts"}],"about":[{"href":"https:\/\/www.europesays.com\/pt\/wp-json\/wp\/v2\/types\/post"}],"author":[{"embeddable":true,"href":"https:\/\/www.europesays.com\/pt\/wp-json\/wp\/v2\/users\/2"}],"replies":[{"embeddable":true,"href":"https:\/\/www.europesays.com\/pt\/wp-json\/wp\/v2\/comments?post=136581"}],"version-history":[{"count":0,"href":"https:\/\/www.europesays.com\/pt\/wp-json\/wp\/v2\/posts\/136581\/revisions"}],"wp:featuredmedia":[{"embeddable":true,"href":"https:\/\/www.europesays.com\/pt\/wp-json\/wp\/v2\/media\/128150"}],"wp:attachment":[{"href":"https:\/\/www.europesays.com\/pt\/wp-json\/wp\/v2\/media?parent=136581"}],"wp:term":[{"taxonomy":"category","embeddable":true,"href":"https:\/\/www.europesays.com\/pt\/wp-json\/wp\/v2\/categories?post=136581"},{"taxonomy":"post_tag","embeddable":true,"href":"https:\/\/www.europesays.com\/pt\/wp-json\/wp\/v2\/tags?post=136581"}],"curies":[{"name":"wp","href":"https:\/\/api.w.org\/{rel}","templated":true}]}}