{"id":136582,"date":"2025-11-02T14:00:13","date_gmt":"2025-11-02T14:00:13","guid":{"rendered":"https:\/\/www.europesays.com\/pt\/136582\/"},"modified":"2025-11-02T14:00:13","modified_gmt":"2025-11-02T14:00:13","slug":"justin-baldoni-aceita-derrota-em-processo-contra-blake-lively","status":"publish","type":"post","link":"https:\/\/www.europesays.com\/pt\/136582\/","title":{"rendered":"Justin Baldoni aceita derrota em processo contra Blake Lively"},"content":{"rendered":"<p>Ao que parece, Justin Baldoni aceitou a sua derrota no processo contra Blake Lively. De acordo com o TMZ, o ator n\u00e3o recorreu da decis\u00e3o de um juiz que rejeitou seus processos contra a atriz, Ryan Reynolds (marido de Lively) e o jornal The New York Times.<\/p>\n<p>A senten\u00e7a final do caso saiu e todas as alega\u00e7\u00f5es dele foram <a href=\"https:\/\/www.estrelando.com.br\/nota\/2025\/09\/19\/justin-baldoni-contrata-advogada-de-diddy-combs-em-meio-a-disputa-judicial-com-blake-lively-314056\" rel=\"nofollow noopener\" target=\"_blank\">rejeitadas pelo tribunal<\/a>. A decis\u00e3o foi proferida em junho e Justin poderia recorrer, por\u00e9m o prazo expirou e ele n\u00e3o apresentou nenhuma contesta\u00e7\u00e3o.<\/p>\n<p>A briga entre os atores come\u00e7ou em dezembro do ano passado quando Blake <a href=\"https:\/\/www.estrelando.com.br\/nota\/2025\/09\/12\/taylor-swift-pode-prestar-depoimento-no-processo-entre-blake-lively-e-justin-baldoni;-afirma-site-313544\" rel=\"nofollow noopener\" target=\"_blank\">acusou Justin de ass\u00e9dio sexual<\/a> e de criar um ambiente de trabalho t\u00f3xico no set de filmagens do filme \u00c9 Assim Que Acaba.<\/p>\n<p>Em resposta, Baldoni processou a atriz e o marido dela. Al\u00e9m disso, ele tamb\u00e9m entrou com um processo contra o The New York Times, ap\u00f3s o jornal postar uma reportagem contando o caso em detalhes.<\/p>\n<p>No entanto, o processo original de Blake contra Justin segue ativo e deve ser<a href=\"https:\/\/www.estrelando.com.br\/nota\/2025\/08\/01\/justin-baldoni-teria-comparecido-presencialmente-em-depoimento-de-blake-lively-diz-site-311060\" rel=\"nofollow noopener\" target=\"_blank\"> julgado em mar\u00e7o do ano que vem<\/a>.<\/p>\n","protected":false},"excerpt":{"rendered":"Ao que parece, Justin Baldoni aceitou a sua derrota no processo contra Blake Lively. De acordo com o&hellip;\n","protected":false},"author":2,"featured_media":136583,"comment_status":"","ping_status":"","sticky":false,"template":"","format":"standard","meta":{"footnotes":""},"categories":[145],"tags":[211,210,1902,114,115,1899,980,1905,1650,13,1898,32,33,1904,1903,1900,1906,941,1901],"class_list":{"0":"post-136582","1":"post","2":"type-post","3":"status-publish","4":"format-standard","5":"has-post-thumbnail","7":"category-celebridades","8":"tag-celebridades","9":"tag-celebrities","10":"tag-enquetes","11":"tag-entertainment","12":"tag-entretenimento","13":"tag-estilo","14":"tag-famosos","15":"tag-foruns","16":"tag-fotos","17":"tag-noticias","18":"tag-perfis","19":"tag-portugal","20":"tag-pt","21":"tag-quizes","22":"tag-rakings","23":"tag-realities","24":"tag-red-carpet","25":"tag-series","26":"tag-teens"},"share_on_mastodon":{"url":"https:\/\/pubeurope.com\/@pt\/115480469363818751","error":""},"_links":{"self":[{"href":"https:\/\/www.europesays.com\/pt\/wp-json\/wp\/v2\/posts\/136582","targetHints":{"allow":["GET"]}}],"collection":[{"href":"https:\/\/www.europesays.com\/pt\/wp-json\/wp\/v2\/posts"}],"about":[{"href":"https:\/\/www.europesays.com\/pt\/wp-json\/wp\/v2\/types\/post"}],"author":[{"embeddable":true,"href":"https:\/\/www.europesays.com\/pt\/wp-json\/wp\/v2\/users\/2"}],"replies":[{"embeddable":true,"href":"https:\/\/www.europesays.com\/pt\/wp-json\/wp\/v2\/comments?post=136582"}],"version-history":[{"count":0,"href":"https:\/\/www.europesays.com\/pt\/wp-json\/wp\/v2\/posts\/136582\/revisions"}],"wp:featuredmedia":[{"embeddable":true,"href":"https:\/\/www.europesays.com\/pt\/wp-json\/wp\/v2\/media\/136583"}],"wp:attachment":[{"href":"https:\/\/www.europesays.com\/pt\/wp-json\/wp\/v2\/media?parent=136582"}],"wp:term":[{"taxonomy":"category","embeddable":true,"href":"https:\/\/www.europesays.com\/pt\/wp-json\/wp\/v2\/categories?post=136582"},{"taxonomy":"post_tag","embeddable":true,"href":"https:\/\/www.europesays.com\/pt\/wp-json\/wp\/v2\/tags?post=136582"}],"curies":[{"name":"wp","href":"https:\/\/api.w.org\/{rel}","templated":true}]}}