{"id":136613,"date":"2025-11-02T14:34:15","date_gmt":"2025-11-02T14:34:15","guid":{"rendered":"https:\/\/www.europesays.com\/pt\/136613\/"},"modified":"2025-11-02T14:34:15","modified_gmt":"2025-11-02T14:34:15","slug":"video-goncalo-guedes-fatura-na-vitoria-da-real-sociedad-frente-ao-ath-bilbao","status":"publish","type":"post","link":"https:\/\/www.europesays.com\/pt\/136613\/","title":{"rendered":"V\u00cdDEO: Gon\u00e7alo Guedes fatura na vit\u00f3ria da Real Sociedad frente ao Ath. Bilbao"},"content":{"rendered":"<p><a href=\"https:\/\/maisfutebol.iol.pt\/jogo\/real-sociedad\/athletic-club\/13827096\" target=\"_blank\" rel=\"nofollow noopener\">A Real Sociedad venceu, este s\u00e1bado, na rece\u00e7\u00e3o ao Ath. Bilbao, por 3-2<\/a>, em jogo em que Gon\u00e7alo Guedes esteve em destaque.<\/p>\n<p>As duas equipas chegaram ao intervalo empatadas a um golo: Brais M\u00e9ndez abriu o marcador (38m) e Gorka Guruzeta igualou (42m). Ap\u00f3s o descanso, Gon\u00e7alo Guedes fez o 2-1 para a Real Sociedad, numa jogada em que apenas precisou de dois toques. Aos 79 minutos, Robert Navarro voltou a empatar a partida, por\u00e9m, aos 90+3m, Gorrotxategi garantiu os tr\u00eas pontos.<\/p>\n<p>Com este resultado, a Real Sociedad est\u00e1 em 13.\u00ba lugar, com 12 pontos. O Ath. Bilbao segue em 10.\u00ba, com 14.<\/p>\n<p>No outro jogo da tarde, <a href=\"https:\/\/maisfutebol.iol.pt\/jogo\/villarreal\/rayo-vallecano\/13827093\" target=\"_blank\" rel=\"nofollow noopener\">o Villarreal goleou o Rayo Vallecano, por 4-0<\/a>. O portugu\u00eas Renato Veiga foi titular e totalista, num jogo em que os golos foram apontados por Moreno (22m), Alberto Moleiro (56m), Santi Comesa\u00f1a (58m) e Ayoze P\u00e9rez (65m).<\/p>\n<p>Por fim, o <a href=\"https:\/\/maisfutebol.iol.pt\/jogo\/atletico-madrid\/sevilla\/13827101\" target=\"_blank\" rel=\"nofollow noopener\">Atl\u00e9tico Madrid passeou na rece\u00e7\u00e3o ao Sevilha (3-0)<\/a>. Juli\u00e1n Alvarez marcou o primeiro da partida aos 64 minutos, Thiago Almada aumentou a vantagem (77m) e Griezmann selou o marcador (90m).<\/p>\n<p><a href=\"https:\/\/maisfutebol.iol.pt\/resultadoseclassificacoes\/131\/espanha\/primera-division\" target=\"_blank\" rel=\"nofollow noopener\">CONFIRA AQUI TODA A CLASSIFICA\u00c7\u00c3O DA LA LIGA<\/a><\/p>\n","protected":false},"excerpt":{"rendered":"A Real Sociedad venceu, este s\u00e1bado, na rece\u00e7\u00e3o ao Ath. Bilbao, por 3-2, em jogo em que Gon\u00e7alo&hellip;\n","protected":false},"author":2,"featured_media":136614,"comment_status":"","ping_status":"","sticky":false,"template":"","format":"standard","meta":{"footnotes":""},"categories":[87],"tags":[3187,3171,135,640,6411,5433,46,8356,32,33,47,5862,6412,527,5620,134,1157],"class_list":{"0":"post-136613","1":"post","2":"type-post","3":"status-publish","4":"format-standard","5":"has-post-thumbnail","7":"category-desporto","8":"tag-athletic-bilbao","9":"tag-atletico-madrid","10":"tag-desporto","11":"tag-espanha","12":"tag-goncalo-guedes","13":"tag-jogos-hoje","14":"tag-maisfutebol","15":"tag-maisfutebol-resultados","16":"tag-portugal","17":"tag-pt","18":"tag-pura-paixao","19":"tag-rayo-vallecano","20":"tag-real-sociedad","21":"tag-resultados","22":"tag-sevilha","23":"tag-sports","24":"tag-villarreal"},"share_on_mastodon":{"url":"https:\/\/pubeurope.com\/@pt\/115480603265213419","error":""},"_links":{"self":[{"href":"https:\/\/www.europesays.com\/pt\/wp-json\/wp\/v2\/posts\/136613","targetHints":{"allow":["GET"]}}],"collection":[{"href":"https:\/\/www.europesays.com\/pt\/wp-json\/wp\/v2\/posts"}],"about":[{"href":"https:\/\/www.europesays.com\/pt\/wp-json\/wp\/v2\/types\/post"}],"author":[{"embeddable":true,"href":"https:\/\/www.europesays.com\/pt\/wp-json\/wp\/v2\/users\/2"}],"replies":[{"embeddable":true,"href":"https:\/\/www.europesays.com\/pt\/wp-json\/wp\/v2\/comments?post=136613"}],"version-history":[{"count":0,"href":"https:\/\/www.europesays.com\/pt\/wp-json\/wp\/v2\/posts\/136613\/revisions"}],"wp:featuredmedia":[{"embeddable":true,"href":"https:\/\/www.europesays.com\/pt\/wp-json\/wp\/v2\/media\/136614"}],"wp:attachment":[{"href":"https:\/\/www.europesays.com\/pt\/wp-json\/wp\/v2\/media?parent=136613"}],"wp:term":[{"taxonomy":"category","embeddable":true,"href":"https:\/\/www.europesays.com\/pt\/wp-json\/wp\/v2\/categories?post=136613"},{"taxonomy":"post_tag","embeddable":true,"href":"https:\/\/www.europesays.com\/pt\/wp-json\/wp\/v2\/tags?post=136613"}],"curies":[{"name":"wp","href":"https:\/\/api.w.org\/{rel}","templated":true}]}}