{"id":136615,"date":"2025-11-02T14:35:31","date_gmt":"2025-11-02T14:35:31","guid":{"rendered":"https:\/\/www.europesays.com\/pt\/136615\/"},"modified":"2025-11-02T14:35:31","modified_gmt":"2025-11-02T14:35:31","slug":"jornal-da-franca-saiba-quais-sao-os-sinais-sutis-do-corpo-que-podem-indicar-risco-de-cancer-de-mama","status":"publish","type":"post","link":"https:\/\/www.europesays.com\/pt\/136615\/","title":{"rendered":"Jornal da Franca &#8211; Saiba quais s\u00e3o os sinais sutis do corpo que podem indicar risco de c\u00e2ncer de mama"},"content":{"rendered":"<p>\t                            <a class=\"mb-1\" href=\"https:\/\/api.whatsapp.com\/send?text=Olha essa Not\u00edcia no Jornal da Franca.%0D%0D*Saiba quais s\u00e3o os sinais sutis do corpo que podem indicar risco de c\u00e2ncer de mama*%0D%0Dclique na url abaixo%0Dhttps:\/\/www.jornaldafranca.com.br\/saiba-quais-sao-os-sinais-sutis-do-corpo-que-podem-indicar-risco-de-cancer-de-mama\/\" target=\"_blank\" rel=\"nofollow noopener\"> compartilhar no whatsapp<\/a><\/p>\n<p>\t                            <a class=\"mb-1\" href=\"https:\/\/telegram.me\/share\/url?url=https:\/\/www.jornaldafranca.com.br\/saiba-quais-sao-os-sinais-sutis-do-corpo-que-podem-indicar-risco-de-cancer-de-mama\/&amp;text=Olha essa Not\u00edcia no Jornal da Franca.\" target=\"_blank\" rel=\"nofollow noopener\"> compartilhar no telegram<\/a><\/p>\n<p>\t                            <a class=\"mb-1\" href=\"https:\/\/www.facebook.com\/sharer\/sharer.php?u=https:\/\/www.jornaldafranca.com.br\/saiba-quais-sao-os-sinais-sutis-do-corpo-que-podem-indicar-risco-de-cancer-de-mama\/\" target=\"_blank\" rel=\"nofollow noopener\"> compartilhar no facebook<\/a><\/p>\n<p>\t                            <a class=\"mb-1\" href=\"https:\/\/www.linkedin.com\/shareArticle?mini=true&amp;url=https:\/\/www.jornaldafranca.com.br\/saiba-quais-sao-os-sinais-sutis-do-corpo-que-podem-indicar-risco-de-cancer-de-mama\/&amp;title=Saiba quais s\u00e3o os sinais sutis do corpo que podem indicar risco de c\u00e2ncer de mama&amp;source=JORNAL DA FRANCA\" target=\"_blank\" rel=\"nofollow noopener\"> compartilhar no linkedin<\/a><\/p>\n<p>Altera\u00e7\u00f5es hormonais e metab\u00f3licas podem ser indicativas importantes de risco, e exames laboratoriais de rotina podem auxiliar na detec\u00e7\u00e3o precoce do c\u00e2ncer de mama<\/p>\n<p><img decoding=\"async\" src=\"https:\/\/www.europesays.com\/pt\/wp-content\/uploads\/2025\/11\/mamografia.jpg\" alt=\"\"\/><\/p>\n<p>Detectar altera\u00e7\u00f5es precoces aumenta significativamente as chances de sucesso no tratamento do c\u00e2ncer de mama (Foto Arquivo)<\/p>\n<p>\u00a0<\/p>\n<p>O c\u00e2ncer de mama \u00e9 um dos tipos de c\u00e2ncer mais comuns entre mulheres no Brasil, mas muitas vezes sinais iniciais passam despercebidos.<\/p>\n<p>Altera\u00e7\u00f5es hormonais e metab\u00f3licas podem ser indicativas importantes de risco, e exames laboratoriais de rotina podem auxiliar na detec\u00e7\u00e3o precoce. Segundo estimativa do Instituto Nacional de C\u00e2ncer (INCA), o Brasil ter\u00e1 73.610 novos casos em 2025.<\/p>\n<p>\u201cPequenas mudan\u00e7as no corpo, como altera\u00e7\u00f5es na pele, incha\u00e7os persistentes, irregularidades menstruais ou varia\u00e7\u00f5es s\u00fabitas de peso, podem ser sinais sutis de que algo n\u00e3o est\u00e1 funcionando corretamente no organismo\u201d.<\/p>\n<p>Quando combinadas com exames laboratoriais, que avaliam n\u00edveis hormonais, glicemia, perfil lip\u00eddico e outros marcadores metab\u00f3licos, essas informa\u00e7\u00f5es ajudam a identificar mulheres com maior risco de desenvolver c\u00e2ncer de mama,\u201d explica Claudia Bis, coordenadora do curso de Enfermagem da Faculdade Anhanguera Ribeir\u00e3o.<\/p>\n<p>Segundo a docente, a preven\u00e7\u00e3o \u00e9 a principal aliada na luta contra a doen\u00e7a. \u201cDetectar altera\u00e7\u00f5es precoces aumenta significativamente as chances de sucesso no tratamento\u201d.<\/p>\n<p>\u201cPor isso, \u00e9 fundamental que mulheres mantenham consultas m\u00e9dicas regulares, realizem exames de sangue de rotina e estejam atentas aos sinais do pr\u00f3prio corpo.\u201d<\/p>\n<p>Al\u00e9m dos exames laboratoriais, Claudia Bis ressalta a import\u00e2ncia de h\u00e1bitos de vida saud\u00e1veis para reduzir o risco.<\/p>\n<p>Entre eles, a docente enumera: alimenta\u00e7\u00e3o equilibrada, pr\u00e1tica regular de atividade f\u00edsica, controle do estresse e sono\/repouso adequado contribuem para o equil\u00edbrio hormonal e metab\u00f3lico.<\/p>\n<p>\u201cObservar sinais sutis, fazer exames peri\u00f3dicos e adotar um estilo de vida saud\u00e1vel s\u00e3o atitudes que podem salvar e trazer qualidade de vida. A conscientiza\u00e7\u00e3o e o acompanhamento cont\u00ednuo s\u00e3o essenciais para a preven\u00e7\u00e3o do c\u00e2ncer de mama\u201d, finaliza a coordenadora.<\/p>\n<p>Fonte: <strong>Not\u00edcias ao Minuto<\/strong><\/p>\n","protected":false},"excerpt":{"rendered":"compartilhar no whatsapp compartilhar no telegram compartilhar no facebook compartilhar no linkedin Altera\u00e7\u00f5es hormonais e metab\u00f3licas podem ser&hellip;\n","protected":false},"author":2,"featured_media":136616,"comment_status":"","ping_status":"","sticky":false,"template":"","format":"standard","meta":{"footnotes":""},"categories":[86],"tags":[5960,116,3226,32,33,117,30649,30650],"class_list":{"0":"post-136615","1":"post","2":"type-post","3":"status-publish","4":"format-standard","5":"has-post-thumbnail","7":"category-saude","8":"tag-cancer-de-mama","9":"tag-health","10":"tag-jornal-da-franca","11":"tag-portugal","12":"tag-pt","13":"tag-saude","14":"tag-sinais-de-cancer-de-mama","15":"tag-sintomas-sutis-do-cancer-de-mama"},"share_on_mastodon":{"url":"https:\/\/pubeurope.com\/@pt\/115480607275678137","error":""},"_links":{"self":[{"href":"https:\/\/www.europesays.com\/pt\/wp-json\/wp\/v2\/posts\/136615","targetHints":{"allow":["GET"]}}],"collection":[{"href":"https:\/\/www.europesays.com\/pt\/wp-json\/wp\/v2\/posts"}],"about":[{"href":"https:\/\/www.europesays.com\/pt\/wp-json\/wp\/v2\/types\/post"}],"author":[{"embeddable":true,"href":"https:\/\/www.europesays.com\/pt\/wp-json\/wp\/v2\/users\/2"}],"replies":[{"embeddable":true,"href":"https:\/\/www.europesays.com\/pt\/wp-json\/wp\/v2\/comments?post=136615"}],"version-history":[{"count":0,"href":"https:\/\/www.europesays.com\/pt\/wp-json\/wp\/v2\/posts\/136615\/revisions"}],"wp:featuredmedia":[{"embeddable":true,"href":"https:\/\/www.europesays.com\/pt\/wp-json\/wp\/v2\/media\/136616"}],"wp:attachment":[{"href":"https:\/\/www.europesays.com\/pt\/wp-json\/wp\/v2\/media?parent=136615"}],"wp:term":[{"taxonomy":"category","embeddable":true,"href":"https:\/\/www.europesays.com\/pt\/wp-json\/wp\/v2\/categories?post=136615"},{"taxonomy":"post_tag","embeddable":true,"href":"https:\/\/www.europesays.com\/pt\/wp-json\/wp\/v2\/tags?post=136615"}],"curies":[{"name":"wp","href":"https:\/\/api.w.org\/{rel}","templated":true}]}}