{"id":136655,"date":"2025-11-02T15:19:12","date_gmt":"2025-11-02T15:19:12","guid":{"rendered":"https:\/\/www.europesays.com\/pt\/136655\/"},"modified":"2025-11-02T15:19:12","modified_gmt":"2025-11-02T15:19:12","slug":"10-palavras-do-portugues-que-voce-usa-no-plural-mas-nao-deveria","status":"publish","type":"post","link":"https:\/\/www.europesays.com\/pt\/136655\/","title":{"rendered":"10 palavras do portugu\u00eas que voc\u00ea usa no plural, mas n\u00e3o deveria"},"content":{"rendered":"<p>Na vasta tape\u00e7aria da <a href=\"https:\/\/www.museudalinguaportuguesa.org.br\" target=\"_blank\" rel=\"noreferrer noopener nofollow\">l\u00edngua portuguesa<\/a>, h\u00e1 fen\u00f4menos que ainda surpreendem muitos falantes \u2014 um deles \u00e9 o das palavras que, mesmo quando se referem a m\u00faltiplas unidades, permanecem no singular. Este conceito, aparentemente capcioso, guarda ra\u00edzes na origem etimol\u00f3gica, na fon\u00e9tica e nas tradi\u00e7\u00f5es de uso. Compreender tais particularidades \u00e9 um exerc\u00edcio lingu\u00edstico enriquecedor e uma ferramenta para evitar deslizes comuns na escrita di\u00e1ria.<\/p>\n<p>Por que algumas palavras permanecem invari\u00e1veis no plural<\/p>\n<p>As palavras invari\u00e1veis desafiam a l\u00f3gica do plural por motivos diversos. Historicamente, alguns termos foram incorporados ao <a href=\"https:\/\/www.tupi.fm\/entretenimento\/de-onde-veio-a-expressao-chutar-o-balde\" target=\"_blank\" rel=\"noreferrer noopener nofollow\">portugu\u00eas<\/a> j\u00e1 em forma plural, enquanto outros possuem estrutura fon\u00e9tica que dificulta a forma\u00e7\u00e3o do plural.<\/p>\n<p>Esse \u00e9 o caso de \u201cv\u00edrus\u201d, que deve permanecer sempre no singular, mesmo quando se referindo a mais de um, como em \u201cos v\u00edrus se espalharam\u201d. Evitar formas como \u201cv\u00edruses\u201d aprimora a escrita formal e o dom\u00ednio da l\u00edngua.<\/p>\n<p>Exemplos pr\u00e1ticos de palavras invari\u00e1veis no plural<\/p>\n<p>Apresentar exemplos facilita a memoriza\u00e7\u00e3o desse tema. Muitos termos do dia a dia seguem essa regra, ajudando a evitar enganos na comunica\u00e7\u00e3o tanto oral quanto escrita.<\/p>\n<p>Veja uma lista dos exemplos mais comuns de palavras invari\u00e1veis no plural:<\/p>\n<ul class=\"wp-block-list\">\n<li>l\u00e1pis (\u201cos l\u00e1pis est\u00e3o na mesa\u201d)<\/li>\n<li>\u00f4nibus (\u201cos \u00f4nibus chegaram\u201d)<\/li>\n<li>f\u00eanix (\u201cas f\u00eanix renasceram\u201d)<\/li>\n<li>pires (\u201cos pires quebraram\u201d)<\/li>\n<li>\u00f4nix (\u201ccolares de \u00f4nix\u201d)<\/li>\n<li>atlas (\u201cv\u00e1rios atlas foram consultados\u201d)<\/li>\n<li>b\u00f4nus (\u201ctr\u00eas b\u00f4nus foram distribu\u00eddos\u201d)<\/li>\n<li>status (\u201cos status mudaram rapidamente\u201d)<\/li>\n<\/ul>\n<p>Como evitar erros comuns com essas palavras na escrita<\/p>\n<p>Muitos falantes se confundem na hora de pluralizar esses termos em contextos formais ou informais. Atentar-se ao padr\u00e3o correto evita constrangimentos e melhora a compet\u00eancia lingu\u00edstica.<\/p>\n<p>Frases como \u201cos status da equipe mudaram\u201d ou \u201crecebi dois b\u00f4nus\u201d exemplificam o uso correto, contrastando com formas erradas como \u201cstatuses\u201d ou \u201cb\u00f4nuses\u201d. Praticar e revisar essas estruturas ajuda na fixa\u00e7\u00e3o.<\/p>\n<p><img loading=\"lazy\" decoding=\"async\" width=\"1024\" height=\"576\" src=\"data:image\/svg+xml,%3Csvg%20xmlns=\" http:=\"\" alt=\"10 palavras do portugu\u00eas que voc\u00ea usa no plural, mas n\u00e3o deveria\" class=\"wp-image-2182899\" data-lazy- data-lazy- data-lazy-src=\"https:\/\/www.europesays.com\/pt\/wp-content\/uploads\/2025\/11\/pensando-_1760642821888-1024x576.jpg\"\/>Pensando \u2013 Cr\u00e9ditos: depositphotos.com \/ HayDmitriy<\/p>\n<p>Qual a import\u00e2ncia de conhecer palavras invari\u00e1veis no plural<\/p>\n<p>Dominar as exce\u00e7\u00f5es das palavras invari\u00e1veis \u00e9 um diferencial no uso do portugu\u00eas. Mais do que simples regras, entender essas particularidades enriquece o repert\u00f3rio lingu\u00edstico e proporciona maior confian\u00e7a ao se comunicar.<\/p>\n<p>Al\u00e9m de evitar erros, conhecer e utilizar corretamente essas palavras contribui para valorizar a riqueza e a profundidade da l\u00edngua portuguesa, tornando a comunica\u00e7\u00e3o mais clara e elegante.<\/p>\n","protected":false},"excerpt":{"rendered":"Na vasta tape\u00e7aria da l\u00edngua portuguesa, h\u00e1 fen\u00f4menos que ainda surpreendem muitos falantes \u2014 um deles \u00e9 o&hellip;\n","protected":false},"author":2,"featured_media":136656,"comment_status":"","ping_status":"","sticky":false,"template":"","format":"standard","meta":{"footnotes":""},"categories":[141],"tags":[30655,114,115,30654,149,150,16964,22380,30653,32,30652,33,2145,7375,16986,6600],"class_list":{"0":"post-136655","1":"post","2":"type-post","3":"status-publish","4":"format-standard","5":"has-post-thumbnail","7":"category-musica","8":"tag-deveria","9":"tag-entertainment","10":"tag-entretenimento","11":"tag-mas","12":"tag-music","13":"tag-musica","14":"tag-n","15":"tag-palavras","16":"tag-plural","17":"tag-portugal","18":"tag-portugu","19":"tag-pt","20":"tag-que","21":"tag-s","22":"tag-usa","23":"tag-voc"},"share_on_mastodon":{"url":"https:\/\/pubeurope.com\/@pt\/115480780017235857","error":""},"_links":{"self":[{"href":"https:\/\/www.europesays.com\/pt\/wp-json\/wp\/v2\/posts\/136655","targetHints":{"allow":["GET"]}}],"collection":[{"href":"https:\/\/www.europesays.com\/pt\/wp-json\/wp\/v2\/posts"}],"about":[{"href":"https:\/\/www.europesays.com\/pt\/wp-json\/wp\/v2\/types\/post"}],"author":[{"embeddable":true,"href":"https:\/\/www.europesays.com\/pt\/wp-json\/wp\/v2\/users\/2"}],"replies":[{"embeddable":true,"href":"https:\/\/www.europesays.com\/pt\/wp-json\/wp\/v2\/comments?post=136655"}],"version-history":[{"count":0,"href":"https:\/\/www.europesays.com\/pt\/wp-json\/wp\/v2\/posts\/136655\/revisions"}],"wp:featuredmedia":[{"embeddable":true,"href":"https:\/\/www.europesays.com\/pt\/wp-json\/wp\/v2\/media\/136656"}],"wp:attachment":[{"href":"https:\/\/www.europesays.com\/pt\/wp-json\/wp\/v2\/media?parent=136655"}],"wp:term":[{"taxonomy":"category","embeddable":true,"href":"https:\/\/www.europesays.com\/pt\/wp-json\/wp\/v2\/categories?post=136655"},{"taxonomy":"post_tag","embeddable":true,"href":"https:\/\/www.europesays.com\/pt\/wp-json\/wp\/v2\/tags?post=136655"}],"curies":[{"name":"wp","href":"https:\/\/api.w.org\/{rel}","templated":true}]}}