{"id":136670,"date":"2025-11-02T15:36:25","date_gmt":"2025-11-02T15:36:25","guid":{"rendered":"https:\/\/www.europesays.com\/pt\/136670\/"},"modified":"2025-11-02T15:36:25","modified_gmt":"2025-11-02T15:36:25","slug":"vasco-seabra-o-fukui-vai-ser-comprado-ao-arouca-por-valores-muito-bons","status":"publish","type":"post","link":"https:\/\/www.europesays.com\/pt\/136670\/","title":{"rendered":"Vasco Seabra: \u00abO Fukui vai ser comprado ao Arouca por valores muito bons\u00bb"},"content":{"rendered":"<p style=\"margin-bottom:11px\"><strong>Vasco Seabra, treinador do Arouca, expressou a vontade de voltar \u00e0s vit\u00f3rias em casa, algo que n\u00e3o acontece desde o in\u00edcio da \u00e9poca, este domingo (18h00), na rece\u00e7\u00e3o ao Moreirense, em jogo da 10.\u00aa jornada da Liga.<\/strong><\/p>\n<p> O Arouca bateu o AVS em casa na primeira ronda, mas depois n\u00e3o voltou a vencer na qualidade de anfitri\u00e3o <\/p>\n<p>\u00abTemos quatro derrotas esta \u00e9poca, mas tr\u00eas delas s\u00e3o com os grandes. Queremos deixar isso claro e voltar as vit\u00f3rias junto dos nossos adeptos, o que s\u00f3 aconteceu na primeira jornada.\u00bb<\/p>\n<p> O Moreirense \u00e9 sexto na Liga, mas vem de uma s\u00e9rie de tr\u00eas derrotas consecutivas <\/p>\n<p>\u00abO Moreirense \u00e9 uma equipa muito competente e com processos claros, que tamb\u00e9m procura ser dominadora. V\u00e3o querer reverter este momento menos feliz. T\u00eam tido um in\u00edcio de \u00e9poca muito capaz e possuem muita qualidade individual e coletiva.\u00bb<\/p>\n<p> Arouca tem a pior defesa da Liga, com 24 golos consentidos <\/p>\n<p>\u00abNo jogo do Benfica sofremos tr\u00eas golos de pen\u00e1lti e um de canto. No Portimonense, sofremos de pen\u00e1lti e no Famalic\u00e3o de livre direto. A verdade \u00e9 que temos vindo a conceder menos oportunidades, mas n\u00e3o ficamos \u00e0 espera que a chuva caia para regar. Temos de trabalhar muito para que a sorte nos guarde. Falamos desta quest\u00e3o abertamente e os jogadores acreditam muito no que fazem. N\u00e3o viramos a cara \u00e0 luta.\u00bb<\/p>\n<p> O holand\u00eas Espen van Ee foi titular pela primeira vez na ronda anterior <\/p>\n<p>\u00abO Espen [van Ee] \u00e9 um jogador com um perfil mais abrangente e esteve muito bem. Mas o Fukui fez uma segunda parte incr\u00edvel e um dia vai ser comprado ao Arouca por valores muito bons. O David Sim\u00e3o tamb\u00e9m est\u00e1 a passar um bom momento.\u00bb<\/p>\n<p><strong>Boletim cl\u00ednico do Arouca: <\/strong>Mat\u00edas Rocha, Mateo Flores e Pedro Santos continuam de fora, enquanto Dylan Nand\u00edn est\u00e1 em d\u00favida.<\/p>\n","protected":false},"excerpt":{"rendered":"Vasco Seabra, treinador do Arouca, expressou a vontade de voltar \u00e0s vit\u00f3rias em casa, algo que n\u00e3o acontece&hellip;\n","protected":false},"author":2,"featured_media":136671,"comment_status":"","ping_status":"","sticky":false,"template":"","format":"standard","meta":{"footnotes":""},"categories":[87],"tags":[3249,135,30657,36,46,8343,32,33,47,134,30656],"class_list":{"0":"post-136670","1":"post","2":"type-post","3":"status-publish","4":"format-standard","5":"has-post-thumbnail","7":"category-desporto","8":"tag-arouca","9":"tag-desporto","10":"tag-fukui","11":"tag-liga","12":"tag-maisfutebol","13":"tag-moreirense","14":"tag-portugal","15":"tag-pt","16":"tag-pura-paixao","17":"tag-sports","18":"tag-vasco-seabra"},"share_on_mastodon":{"url":"https:\/\/pubeurope.com\/@pt\/115480847009464787","error":""},"_links":{"self":[{"href":"https:\/\/www.europesays.com\/pt\/wp-json\/wp\/v2\/posts\/136670","targetHints":{"allow":["GET"]}}],"collection":[{"href":"https:\/\/www.europesays.com\/pt\/wp-json\/wp\/v2\/posts"}],"about":[{"href":"https:\/\/www.europesays.com\/pt\/wp-json\/wp\/v2\/types\/post"}],"author":[{"embeddable":true,"href":"https:\/\/www.europesays.com\/pt\/wp-json\/wp\/v2\/users\/2"}],"replies":[{"embeddable":true,"href":"https:\/\/www.europesays.com\/pt\/wp-json\/wp\/v2\/comments?post=136670"}],"version-history":[{"count":0,"href":"https:\/\/www.europesays.com\/pt\/wp-json\/wp\/v2\/posts\/136670\/revisions"}],"wp:featuredmedia":[{"embeddable":true,"href":"https:\/\/www.europesays.com\/pt\/wp-json\/wp\/v2\/media\/136671"}],"wp:attachment":[{"href":"https:\/\/www.europesays.com\/pt\/wp-json\/wp\/v2\/media?parent=136670"}],"wp:term":[{"taxonomy":"category","embeddable":true,"href":"https:\/\/www.europesays.com\/pt\/wp-json\/wp\/v2\/categories?post=136670"},{"taxonomy":"post_tag","embeddable":true,"href":"https:\/\/www.europesays.com\/pt\/wp-json\/wp\/v2\/tags?post=136670"}],"curies":[{"name":"wp","href":"https:\/\/api.w.org\/{rel}","templated":true}]}}