{"id":136684,"date":"2025-11-02T15:48:09","date_gmt":"2025-11-02T15:48:09","guid":{"rendered":"https:\/\/www.europesays.com\/pt\/136684\/"},"modified":"2025-11-02T15:48:09","modified_gmt":"2025-11-02T15:48:09","slug":"ariana-grande-termina-gravacoes-de-entrando-numa-fria-4-vejo-voces-novembro-que-vem","status":"publish","type":"post","link":"https:\/\/www.europesays.com\/pt\/136684\/","title":{"rendered":"Ariana Grande termina grava\u00e7\u00f5es de &#8216;Entrando Numa Fria 4&#8217;: &#8220;Vejo voc\u00eas novembro que vem&#8221;"},"content":{"rendered":"<p>A vencedora do Grammy e indicada ao Oscar\u00a0<strong><a href=\"https:\/\/cinepop.com.br\/tag\/ariana-grande\/\" title=\"Ariana Grande\" rel=\"nofollow noopener\" target=\"_blank\">Ariana Grande<\/a><\/strong> (\u2018Wicked\u2019) terminou suas filmagens da aguardada com\u00e9dia\u00a0<strong>\u2018<a href=\"https:\/\/cinepop.com.br\/tag\/entrando-numa-fria\/\" title=\"Entrando Numa Fria\" rel=\"nofollow noopener\" target=\"_blank\">Entrando Numa Fria<\/a> 4\u2019<\/strong>, que chega aos cinemas no ano que vem.<\/p>\n<p>Grande, que d\u00e1 vida \u00e0 personagem Olivia Jones, revelou as boas novas atrav\u00e9s das redes sociais, escrevendo: \u201cesses \u00faltimos meses foram inimaginavelmente especiais. Eu amo meus Fockers e amo meus Byrnes\u2026 Amo muito. Vou sentir muito a falta deles. Vejo voc\u00eas novembro que vem\u201d.<\/p>\n<p>Confira:<\/p>\n<blockquote class=\"instagram-media\" style=\"background: #FFF; border: 0; border-radius: 3px; box-shadow: 0 0 1px 0 rgba(0,0,0,0.5),0 1px 10px 0 rgba(0,0,0,0.15); margin: 1px; max-width: 540px; min-width: 326px; padding: 0; width: calc(100% - 2px);\" data-instgrm-captioned=\"\" data-instgrm-permalink=\"https:\/\/www.instagram.com\/p\/DQeZC3JEWXG\/?utm_source=ig_embed&amp;utm_campaign=loading\" data-instgrm-version=\"14\">\n<\/blockquote>\n<p>Recentemente, o astro<strong>\u00a0<a href=\"https:\/\/cinepop.com.br\/tag\/ben-stiller\/\" title=\"Ben Stiller\" rel=\"nofollow noopener\" target=\"_blank\">Ben Stiller<\/a><\/strong> falou sobre contracenar com <strong>Grande <\/strong>na sequ\u00eancia, elogiando a atriz e cantora de sucesso.<\/p>\n<p>\u201cO que \u00e9 surpreendente, e talvez nem t\u00e3o surpreendente assim, \u00e9 o qu\u00e3o bem ela se integrou ao elenco\u201d, disse <strong>Stiller<\/strong>, conforme o <a href=\"https:\/\/deadline.com\/2025\/09\/ben-stiller-ariana-grande-focker-in-law-barbra-streisand-1236531658\/\" rel=\"nofollow noopener\" target=\"_blank\">Deadline<\/a>. \u201cEla \u00e9 extremamente profissional, engra\u00e7ada e talentosa. Obviamente, todos conhecem o talento dela como cantora, mas ela tamb\u00e9m foi incr\u00edvel em Wicked. O que ela est\u00e1 fazendo neste filme \u00e9 muito \u00fanico, \u00e9 um personagem realmente diferente, e estamos nos divertindo muito. \u00c9 \u00f3timo trabalhar com ela\u201d.<\/p>\n<p>O quarto filme da franquia se chamar\u00e1 Focker-in-Law e tem estreia marcada para <strong>25 de novembro de 2026<\/strong>.<\/p>\n<p><strong><a href=\"https:\/\/cinepop.com.br\/tag\/jay-roach\/\" title=\"Jay Roach\" rel=\"nofollow noopener\" target=\"_blank\">Jay Roach<\/a><\/strong> foi confirmado na dire\u00e7\u00e3o, com roteiro de <strong>John Hamburg<\/strong>.<\/p>\n<blockquote class=\"twitter-tweet\">\n<p dir=\"ltr\" lang=\"en\">Th \u2018Meet The Parents\u2019 sequel has been titled \u2018Focker in Law\u2019.<\/p>\n<p>Starring <a href=\"https:\/\/cinepop.com.br\/tag\/robert-de-niro\/\" title=\"Robert De Niro\" rel=\"nofollow noopener\" target=\"_blank\">Robert De Niro<\/a>, <a href=\"https:\/\/cinepop.com.br\/tag\/ben-stiller\/\" title=\"Ben Stiller\" rel=\"nofollow noopener\" target=\"_blank\">Ben Stiller<\/a>, Owen Wilson, <a href=\"https:\/\/cinepop.com.br\/tag\/blythe-danner\/\" title=\"Blythe Danner\" rel=\"nofollow noopener\" target=\"_blank\">Blythe Danner<\/a>, <a href=\"https:\/\/cinepop.com.br\/tag\/teri-polo\/\" title=\"Teri Polo\" rel=\"nofollow noopener\" target=\"_blank\">Teri Polo<\/a>, and <a href=\"https:\/\/cinepop.com.br\/tag\/ariana-grande\/\" title=\"Ariana Grande\" rel=\"nofollow noopener\" target=\"_blank\">Ariana Grande<\/a>.<\/p>\n<p>In theatres Thanksgiving 2026. <a href=\"https:\/\/t.co\/hMZhF4XRt2\" rel=\"nofollow\">pic.twitter.com\/hMZhF4XRt2<\/a><\/p>\n<p>\u2014 Screen Rant (@screenrant) <a href=\"https:\/\/twitter.com\/screenrant\/status\/1949850551048442155?ref_src=twsrc%5Etfw\" rel=\"nofollow noopener\" target=\"_blank\">July 28, 2025<\/a><\/p>\n<\/blockquote>\n<p><a href=\"https:\/\/cinepop.com.br\/entrando-numa-fria-4-owen-wilson-tem-retorno-confirmado-na-sequencia-662087\/\" rel=\"nofollow noopener\" target=\"_blank\">\u2018Entrando numa Fria 4\u2019: Owen Wilson tem RETORNO confirmado na sequ\u00eancia<\/a><\/p>\n<p>O novo filme ainda contar\u00e1 com o retorno de <strong>Owen Wilson<\/strong>,<strong>\u00a0Stiller<\/strong>,<strong>\u00a0De Niro<\/strong>\u00a0e <strong><a href=\"https:\/\/cinepop.com.br\/tag\/teri-polo\/\" title=\"Teri Polo\" rel=\"nofollow noopener\" target=\"_blank\">Teri Polo<\/a>.<\/strong><\/p>\n<p><strong>John Hamburg<\/strong>, roteirista da trilogia original, assume a dire\u00e7\u00e3o.<\/p>\n<p>A produ\u00e7\u00e3o est\u00e1 nas m\u00e3os de <strong>Jane Rosentha<\/strong>l e <strong><a href=\"https:\/\/cinepop.com.br\/tag\/robert-de-niro\/\" title=\"Robert De Niro\" rel=\"nofollow noopener\" target=\"_blank\">Robert De Niro<\/a><\/strong> pela <strong>Tribeca Productions<\/strong>, com<strong> <a href=\"https:\/\/cinepop.com.br\/tag\/jay-roach\/\" title=\"Jay Roach\" rel=\"nofollow noopener\" target=\"_blank\">Jay Roach<\/a><\/strong> (diretor dos tr\u00eas primeiros filmes) pela <strong>Delirious Media<\/strong>, <strong><a href=\"https:\/\/cinepop.com.br\/tag\/ben-stiller\/\" title=\"Ben Stiller\" rel=\"nofollow noopener\" target=\"_blank\">Ben Stiller<\/a><\/strong> e <strong>John Lesher<\/strong> pela <strong>Red Hour Films<\/strong>, al\u00e9m de <strong>Hamburg<\/strong> pela Particular Pictures.<\/p>\n<p>A franquia \u2018<strong>Entrando Numa Fri<\/strong>a\u2019 teve in\u00edcio em 2001, seguido por \u2018<strong><a href=\"https:\/\/cinepop.com.br\/tag\/entrando-numa-fria\/\" title=\"Entrando Numa Fria\" rel=\"nofollow noopener\" target=\"_blank\">Entrando Numa Fria<\/a> Maior Ainda<\/strong>\u2018 (2005) e \u2018<strong><a href=\"https:\/\/cinepop.com.br\/tag\/entrando-numa-fria\/\" title=\"Entrando Numa Fria\" rel=\"nofollow noopener\" target=\"_blank\">Entrando Numa Fria<\/a> Maior Ainda Com a Fam\u00edlia<\/strong>\u2018 (2011), arrecadando juntos mais de US$ 1,1 bilh\u00e3o em bilheteria mundial.<\/p>\n<p><a href=\"https:\/\/cinepop.com.br\/entrando-numa-fria-4-skyler-gisondo-estaria-em-negociacoes-para-estrelar-sequencia-682189\/\" rel=\"nofollow noopener\" target=\"_blank\">\u2018Entrando numa Fria 4\u2019: Skyler Gisondo estaria em negocia\u00e7\u00f5es para estrelar sequ\u00eancia<\/a><\/p>\n<p><img fetchpriority=\"high\" decoding=\"async\" src=\"https:\/\/www.europesays.com\/pt\/wp-content\/uploads\/2025\/09\/entrandonumafria4-1024x580.jpg\" alt=\"\" width=\"696\" height=\"394\"  \/><\/p>\n<p>entrandonumafria4<br \/>\n<script async src=\"https:\/\/platform.twitter.com\/widgets.js\" charset=\"utf-8\"><\/script><script async src=\"\/\/www.instagram.com\/embed.js\"><\/script><\/p>\n","protected":false},"excerpt":{"rendered":"A vencedora do Grammy e indicada ao Oscar\u00a0Ariana Grande (\u2018Wicked\u2019) terminou suas filmagens da aguardada com\u00e9dia\u00a0\u2018Entrando Numa Fria&hellip;\n","protected":false},"author":2,"featured_media":136685,"comment_status":"","ping_status":"","sticky":false,"template":"","format":"standard","meta":{"footnotes":""},"categories":[141],"tags":[1940,26198,30658,114,30659,30660,115,3639,30661,149,150,32,33,21395,12249,30662],"class_list":{"0":"post-136684","1":"post","2":"type-post","3":"status-publish","4":"format-standard","5":"has-post-thumbnail","7":"category-musica","8":"tag-ariana-grande","9":"tag-ben-stiller","10":"tag-blythe-danner","11":"tag-entertainment","12":"tag-entrando-numa-fria","13":"tag-entrando-numa-fria-maior-ainda","14":"tag-entretenimento","15":"tag-featured","16":"tag-jay-roach","17":"tag-music","18":"tag-musica","19":"tag-portugal","20":"tag-pt","21":"tag-robert-de-niro","22":"tag-skyler-gisondo","23":"tag-teri-polo"},"share_on_mastodon":{"url":"https:\/\/pubeurope.com\/@pt\/115480894187326764","error":""},"_links":{"self":[{"href":"https:\/\/www.europesays.com\/pt\/wp-json\/wp\/v2\/posts\/136684","targetHints":{"allow":["GET"]}}],"collection":[{"href":"https:\/\/www.europesays.com\/pt\/wp-json\/wp\/v2\/posts"}],"about":[{"href":"https:\/\/www.europesays.com\/pt\/wp-json\/wp\/v2\/types\/post"}],"author":[{"embeddable":true,"href":"https:\/\/www.europesays.com\/pt\/wp-json\/wp\/v2\/users\/2"}],"replies":[{"embeddable":true,"href":"https:\/\/www.europesays.com\/pt\/wp-json\/wp\/v2\/comments?post=136684"}],"version-history":[{"count":0,"href":"https:\/\/www.europesays.com\/pt\/wp-json\/wp\/v2\/posts\/136684\/revisions"}],"wp:featuredmedia":[{"embeddable":true,"href":"https:\/\/www.europesays.com\/pt\/wp-json\/wp\/v2\/media\/136685"}],"wp:attachment":[{"href":"https:\/\/www.europesays.com\/pt\/wp-json\/wp\/v2\/media?parent=136684"}],"wp:term":[{"taxonomy":"category","embeddable":true,"href":"https:\/\/www.europesays.com\/pt\/wp-json\/wp\/v2\/categories?post=136684"},{"taxonomy":"post_tag","embeddable":true,"href":"https:\/\/www.europesays.com\/pt\/wp-json\/wp\/v2\/tags?post=136684"}],"curies":[{"name":"wp","href":"https:\/\/api.w.org\/{rel}","templated":true}]}}