{"id":136688,"date":"2025-11-02T15:51:12","date_gmt":"2025-11-02T15:51:12","guid":{"rendered":"https:\/\/www.europesays.com\/pt\/136688\/"},"modified":"2025-11-02T15:51:12","modified_gmt":"2025-11-02T15:51:12","slug":"cancer-de-mama-sexualidade-e-prazer-precisam-ser-abordados-apontam-medicos","status":"publish","type":"post","link":"https:\/\/www.europesays.com\/pt\/136688\/","title":{"rendered":"C\u00e2ncer de mama: sexualidade e prazer precisam ser abordados, apontam m\u00e9dicos"},"content":{"rendered":"<p>Parceiro<\/p>\n<p><img loading=\"lazy\" decoding=\"async\" width=\"115\" height=\"32\" id=\"image-61-311635\" alt=\"Terra\" src=\"data:image\/svg+xml,%3Csvg%20xmlns=\" http:=\"\" class=\"ct-image\"  data-lazy- data-lazy-src=\"https:\/\/www.europesays.com\/pt\/wp-content\/uploads\/2025\/10\/terra-logo-parceiro.webp.webp\"\/><img decoding=\"async\" id=\"image-mat\" alt=\"C\u00e2ncer de mama: sexualidade e prazer precisam ser abordados, apontam m\u00e9dicos\" src=\"data:image\/svg+xml,%3Csvg%20xmlns=\" http:=\"\" class=\"ct-image rd-5 box-shadow-1\" data-lazy- data-lazy- data-lazy-src=\"https:\/\/www.europesays.com\/pt\/wp-content\/uploads\/2025\/11\/O3rDbnPw-istockphoto-1126027265-612x612-1.webp.webp\"\/>(foto: iStock)<\/p>\n<p class=\"img-caption\">C\u00e2ncer de mama: sexualidade e prazer precisam ser abordados, apontam m\u00e9dicos<\/p>\n<p>O c\u00e2ncer de mama e seu tratamento impactam profundamente a vida sexual das mulheres, e a necessidade de abordar a sexualidade deve ser abordada de maneira indispens\u00e1vel.<\/p>\n<p>Para Sandra Cristina Scalco, ginecologista e secret\u00e1ria da comiss\u00e3o nacional especializada em sexologia da Febrasgo (Federa\u00e7\u00e3o Brasileira das Associa\u00e7\u00f5es de Ginecologia e Obstetr\u00edcia), o tema envolve fatores biol\u00f3gicos, como cirurgia e medicamentos.<\/p>\n<p>\u201cPacientes que passam por uma situa\u00e7\u00e3o de c\u00e2ncer deveriam fazer uma interven\u00e7\u00e3o precoce nesse sentido porque j\u00e1 se sabe que a curto, m\u00e9dio e longo prazo essas pacientes t\u00eam um pior progn\u00f3stico quando n\u00e3o \u00e9 abordado o tema\u201d, disse ela, \u00e0 Folha de S. Paulo.<\/p>\n<p>De acordo com a Sociedade Americana de Oncologia Cl\u00ednica, at\u00e9 90% das pacientes enfrentam algum tipo de disfun\u00e7\u00e3o sexual depois do tratamento, que passa por queda da libido, dor durante as rela\u00e7\u00f5es e altera\u00e7\u00f5es na autoimagem.<\/p>\n<p>Stany de Paula, m\u00e9dica do Cancer Center Oncocl\u00ednicas, em Nova Lima, Minas Gerais, acrescenta, tamb\u00e9m, que h\u00e1 uma import\u00e2ncia de dar permiss\u00e3o e escolhas \u00e0 paciente, ouvindo suas dificuldades e informando sobre as op\u00e7\u00f5es de tratamento. \u201cA gente precisa melhorar a qualidade de vida dessa paciente e essa qualidade de vida passa pela vida sexual dela. Ent\u00e3o \u00e9 importante integrar o oncologista com a sexualidade e com a sa\u00fade sexual\u201d, explicou.<\/p>\n","protected":false},"excerpt":{"rendered":"Parceiro (foto: iStock) C\u00e2ncer de mama: sexualidade e prazer precisam ser abordados, apontam m\u00e9dicos O c\u00e2ncer de mama&hellip;\n","protected":false},"author":2,"featured_media":136689,"comment_status":"","ping_status":"","sticky":false,"template":"","format":"standard","meta":{"footnotes":""},"categories":[86],"tags":[1776,5960,116,32,33,117],"class_list":{"0":"post-136688","1":"post","2":"type-post","3":"status-publish","4":"format-standard","5":"has-post-thumbnail","7":"category-saude","8":"tag-cancer","9":"tag-cancer-de-mama","10":"tag-health","11":"tag-portugal","12":"tag-pt","13":"tag-saude"},"share_on_mastodon":{"url":"https:\/\/pubeurope.com\/@pt\/115480905924695475","error":""},"_links":{"self":[{"href":"https:\/\/www.europesays.com\/pt\/wp-json\/wp\/v2\/posts\/136688","targetHints":{"allow":["GET"]}}],"collection":[{"href":"https:\/\/www.europesays.com\/pt\/wp-json\/wp\/v2\/posts"}],"about":[{"href":"https:\/\/www.europesays.com\/pt\/wp-json\/wp\/v2\/types\/post"}],"author":[{"embeddable":true,"href":"https:\/\/www.europesays.com\/pt\/wp-json\/wp\/v2\/users\/2"}],"replies":[{"embeddable":true,"href":"https:\/\/www.europesays.com\/pt\/wp-json\/wp\/v2\/comments?post=136688"}],"version-history":[{"count":0,"href":"https:\/\/www.europesays.com\/pt\/wp-json\/wp\/v2\/posts\/136688\/revisions"}],"wp:featuredmedia":[{"embeddable":true,"href":"https:\/\/www.europesays.com\/pt\/wp-json\/wp\/v2\/media\/136689"}],"wp:attachment":[{"href":"https:\/\/www.europesays.com\/pt\/wp-json\/wp\/v2\/media?parent=136688"}],"wp:term":[{"taxonomy":"category","embeddable":true,"href":"https:\/\/www.europesays.com\/pt\/wp-json\/wp\/v2\/categories?post=136688"},{"taxonomy":"post_tag","embeddable":true,"href":"https:\/\/www.europesays.com\/pt\/wp-json\/wp\/v2\/tags?post=136688"}],"curies":[{"name":"wp","href":"https:\/\/api.w.org\/{rel}","templated":true}]}}