{"id":136694,"date":"2025-11-02T15:54:09","date_gmt":"2025-11-02T15:54:09","guid":{"rendered":"https:\/\/www.europesays.com\/pt\/136694\/"},"modified":"2025-11-02T15:54:09","modified_gmt":"2025-11-02T15:54:09","slug":"se-pagar-em-dezembro-de-2025-tem-de-pagar-em-fevereiro-de-2026","status":"publish","type":"post","link":"https:\/\/www.europesays.com\/pt\/136694\/","title":{"rendered":"Se pagar em dezembro de 2025, tem de pagar em fevereiro de 2026?"},"content":{"rendered":"<p>O Imposto \u00danico de Circula\u00e7\u00e3o (IUC) \u00e9 um tributo anual que todos os propriet\u00e1rios de ve\u00edculos matriculados em Portugal est\u00e3o obrigados a pagar. Como j\u00e1 revelamos, o IUC tem novas regras. Mas ser\u00e1 que quem paga em dezembro de 2025, tem de pagar em fevereiro de 2026?<\/p>\n<p><a target=\"_blank\" href=\"https:\/\/pplware.sapo.pt\/wp-content\/uploads\/2021\/11\/IUC_00.jpg\" onclick=\"refreshIframe()\" class=\"foobox\" rel=\"nofollow noopener\"><img fetchpriority=\"high\" decoding=\"async\" src=\"https:\/\/www.europesays.com\/pt\/wp-content\/uploads\/2025\/11\/IUC_00-720x405.jpg\" alt=\"IUC: Se pagar em dezembro de 2025, tem de pagar em fevereiro de 2026?\" width=\"720\" height=\"405\" class=\"aligncenter wp-image-808840 size-medium\"  \/><\/a><\/p>\n<p>Alguns condutores t\u00eam de pagar o IUC duas vezes num espa\u00e7o curto de tempo&#8230;<\/p>\n<p>A resposta \u00e9 Sim! Em fevereiro de 2026 todos os carros v\u00e3o pagar o IUC em fevereiro de 2026. Isto quer dizer que alguns condutores t\u00eam de pagar o IUC duas vezes num espa\u00e7o curto de tempo.<\/p>\n<p><a target=\"_blank\" href=\"https:\/\/pplware.sapo.pt\/wp-content\/uploads\/2023\/10\/iuc_02.jpg\" onclick=\"refreshIframe()\" class=\"foobox\" rel=\"nofollow noopener\"><img loading=\"lazy\" decoding=\"async\" src=\"https:\/\/www.europesays.com\/pt\/wp-content\/uploads\/2025\/11\/iuc_02-720x405.jpg\" alt=\"\" width=\"720\" height=\"405\" class=\"aligncenter size-medium wp-image-951896\"  \/><\/a><\/p>\n<p>De referir, no entanto, que em 2026, os propriet\u00e1rios de ve\u00edculos ter\u00e3o a possibilidade de pagar o IUC em duas presta\u00e7\u00f5es: a primeira at\u00e9 ao final de fevereiro e a segunda at\u00e9 ao final de outubro.<\/p>\n<p><strong>Esta op\u00e7\u00e3o aplica-se apenas a quem tiver um imposto superior a 100 euros<\/strong>. Nesses casos, o pagamento pode ser feito na totalidade at\u00e9 ao final de fevereiro ou dividido em duas partes iguais, facilitando o cumprimento da obriga\u00e7\u00e3o fiscal.<\/p>\n","protected":false},"excerpt":{"rendered":"O Imposto \u00danico de Circula\u00e7\u00e3o (IUC) \u00e9 um tributo anual que todos os propriet\u00e1rios de ve\u00edculos matriculados em&hellip;\n","protected":false},"author":2,"featured_media":136695,"comment_status":"","ping_status":"","sticky":false,"template":"","format":"standard","meta":{"footnotes":""},"categories":[83],"tags":[88,89,90,14256,32,33],"class_list":{"0":"post-136694","1":"post","2":"type-post","3":"status-publish","4":"format-standard","5":"has-post-thumbnail","7":"category-empresas","8":"tag-business","9":"tag-economy","10":"tag-empresas","11":"tag-iuc","12":"tag-portugal","13":"tag-pt"},"share_on_mastodon":{"url":"https:\/\/pubeurope.com\/@pt\/115480917945616936","error":""},"_links":{"self":[{"href":"https:\/\/www.europesays.com\/pt\/wp-json\/wp\/v2\/posts\/136694","targetHints":{"allow":["GET"]}}],"collection":[{"href":"https:\/\/www.europesays.com\/pt\/wp-json\/wp\/v2\/posts"}],"about":[{"href":"https:\/\/www.europesays.com\/pt\/wp-json\/wp\/v2\/types\/post"}],"author":[{"embeddable":true,"href":"https:\/\/www.europesays.com\/pt\/wp-json\/wp\/v2\/users\/2"}],"replies":[{"embeddable":true,"href":"https:\/\/www.europesays.com\/pt\/wp-json\/wp\/v2\/comments?post=136694"}],"version-history":[{"count":0,"href":"https:\/\/www.europesays.com\/pt\/wp-json\/wp\/v2\/posts\/136694\/revisions"}],"wp:featuredmedia":[{"embeddable":true,"href":"https:\/\/www.europesays.com\/pt\/wp-json\/wp\/v2\/media\/136695"}],"wp:attachment":[{"href":"https:\/\/www.europesays.com\/pt\/wp-json\/wp\/v2\/media?parent=136694"}],"wp:term":[{"taxonomy":"category","embeddable":true,"href":"https:\/\/www.europesays.com\/pt\/wp-json\/wp\/v2\/categories?post=136694"},{"taxonomy":"post_tag","embeddable":true,"href":"https:\/\/www.europesays.com\/pt\/wp-json\/wp\/v2\/tags?post=136694"}],"curies":[{"name":"wp","href":"https:\/\/api.w.org\/{rel}","templated":true}]}}