{"id":136696,"date":"2025-11-02T15:55:07","date_gmt":"2025-11-02T15:55:07","guid":{"rendered":"https:\/\/www.europesays.com\/pt\/136696\/"},"modified":"2025-11-02T15:55:07","modified_gmt":"2025-11-02T15:55:07","slug":"um-dos-policias-franceses-que-violou-jovem-sob-custodia-filmou-a-agressao","status":"publish","type":"post","link":"https:\/\/www.europesays.com\/pt\/136696\/","title":{"rendered":"Um dos pol\u00edcias franceses que violou jovem sob cust\u00f3dia filmou a agress\u00e3o"},"content":{"rendered":"<p data-remotead-prev-elm=\"true\" data-remotead-elm-id=\"inread\">Os dois homens, de 23 e 35 anos, foram suspensos depois da den\u00fancia feita pela v\u00edtima. A mulher, que estava no tribunal de Bobigny num caso de neglig\u00eancia parental, revelou, na tarde de quarta-feira, &#8220;ter sido v\u00edtima de duas viola\u00e7\u00f5es durante a noite de 28 para 29 de outubro, cometidas por dois agentes&#8221;.<\/p>\n<blockquote data-type=\"articles\" data-id=\"related-article-18015279\"><p>\n              <strong>Leia tamb\u00e9m <\/strong><br \/>\n              <a href=\"https:\/\/www.jn.pt\/mundo\/artigo\/dois-policias-detidos-por-violar-jovem-em-tribunal-de-paris\/18015279\" rel=\"nofollow noopener\" target=\"_blank\">Dois pol\u00edcias detidos por violar jovem em tribunal de Paris<\/a>\n            <\/p><\/blockquote>\n<p>Os pol\u00edcias, que estavam de servi\u00e7o na altura, assumiram ter mantido rela\u00e7\u00f5es sexuais com a mulher, mas de forma consentida. No s\u00e1bado, foram acusados de viola\u00e7\u00e3o, ficando em pris\u00e3o preventiva. Este domingo, Laure Beccuau revelou ter sido encontrado um pequeno v\u00eddeo da agress\u00e3o sexual no telem\u00f3vel de um dos pol\u00edcias.<\/p>\n<p data-remotead-prev-elm=\"true\" data-remotead-elm-id=\"centro1\">Fonte pr\u00f3xima do caso disse \u00e0 AFP que a grava\u00e7\u00e3o tem quatro segundos e mostra um ato sexual. Em declara\u00e7\u00f5es \u00e0 France Info, Beccuau explicou que a decis\u00e3o de indiciar os agentes foi baseada nas declara\u00e7\u00f5es da v\u00edtima, confirmadas por diversos elementos que fazem parte do processo. &#8220;Todos eles conferem credibilidade ao seu depoimento&#8221;, sublinhou.<\/p>\n<p>A den\u00fancia ocorreu no mesmo dia em que os legisladores franceses aprovaram <a href=\"https:\/\/www.jn.pt\/mundo\/artigo\/franca-faz-historia-e-define-violacao-como-qualquer-ato-sexual-nao-consensual\/18014056\" target=\"_blank\" rel=\"nofollow noopener\">um projeto de lei que define viola\u00e7\u00e3o como qualquer ato sexual n\u00e3o consensual<\/a>, tornando o pa\u00eds a mais recente na\u00e7\u00e3o europeia a aprovar uma lei baseada no consentimento.<\/p>\n","protected":false},"excerpt":{"rendered":"Os dois homens, de 23 e 35 anos, foram suspensos depois da den\u00fancia feita pela v\u00edtima. A mulher,&hellip;\n","protected":false},"author":2,"featured_media":136697,"comment_status":"","ping_status":"","sticky":false,"template":"","format":"standard","meta":{"footnotes":""},"categories":[50],"tags":[20177,27,28,15,16,208,14,25,26,21,22,62,12,13,19,20,23,24,17,18,29,30,31,8102,63,64,65],"class_list":{"0":"post-136696","1":"post","2":"type-post","3":"status-publish","4":"format-standard","5":"has-post-thumbnail","7":"category-mundo","8":"tag-abuso-sexual","9":"tag-breaking-news","10":"tag-breakingnews","11":"tag-featured-news","12":"tag-featurednews","13":"tag-franca","14":"tag-headlines","15":"tag-latest-news","16":"tag-latestnews","17":"tag-main-news","18":"tag-mainnews","19":"tag-mundo","20":"tag-news","21":"tag-noticias","22":"tag-noticias-principais","23":"tag-noticiasprincipais","24":"tag-principais-noticias","25":"tag-principaisnoticias","26":"tag-top-stories","27":"tag-topstories","28":"tag-ultimas","29":"tag-ultimas-noticias","30":"tag-ultimasnoticias","31":"tag-violacao","32":"tag-world","33":"tag-world-news","34":"tag-worldnews"},"share_on_mastodon":{"url":"https:\/\/pubeurope.com\/@pt\/115480921566248195","error":""},"_links":{"self":[{"href":"https:\/\/www.europesays.com\/pt\/wp-json\/wp\/v2\/posts\/136696","targetHints":{"allow":["GET"]}}],"collection":[{"href":"https:\/\/www.europesays.com\/pt\/wp-json\/wp\/v2\/posts"}],"about":[{"href":"https:\/\/www.europesays.com\/pt\/wp-json\/wp\/v2\/types\/post"}],"author":[{"embeddable":true,"href":"https:\/\/www.europesays.com\/pt\/wp-json\/wp\/v2\/users\/2"}],"replies":[{"embeddable":true,"href":"https:\/\/www.europesays.com\/pt\/wp-json\/wp\/v2\/comments?post=136696"}],"version-history":[{"count":0,"href":"https:\/\/www.europesays.com\/pt\/wp-json\/wp\/v2\/posts\/136696\/revisions"}],"wp:featuredmedia":[{"embeddable":true,"href":"https:\/\/www.europesays.com\/pt\/wp-json\/wp\/v2\/media\/136697"}],"wp:attachment":[{"href":"https:\/\/www.europesays.com\/pt\/wp-json\/wp\/v2\/media?parent=136696"}],"wp:term":[{"taxonomy":"category","embeddable":true,"href":"https:\/\/www.europesays.com\/pt\/wp-json\/wp\/v2\/categories?post=136696"},{"taxonomy":"post_tag","embeddable":true,"href":"https:\/\/www.europesays.com\/pt\/wp-json\/wp\/v2\/tags?post=136696"}],"curies":[{"name":"wp","href":"https:\/\/api.w.org\/{rel}","templated":true}]}}