{"id":136698,"date":"2025-11-02T15:57:38","date_gmt":"2025-11-02T15:57:38","guid":{"rendered":"https:\/\/www.europesays.com\/pt\/136698\/"},"modified":"2025-11-02T15:57:38","modified_gmt":"2025-11-02T15:57:38","slug":"quem-vai-sair-fas-do-secret-story-nao-tem-duvidas-e-apontam-quem-querem-expulso-este-domingo-2-de-novembro","status":"publish","type":"post","link":"https:\/\/www.europesays.com\/pt\/136698\/","title":{"rendered":"Quem vai sair? F\u00e3s do Secret Story n\u00e3o t\u00eam d\u00favidas e apontam quem querem expulso este domingo [2 de novembro]"},"content":{"rendered":"<p>\t\t\t\t\t\t\t\t\t\t\t\t<a href=\"#\" onclick=\"window.open('http:\/\/www.facebook.com\/sharer.php?u=https:\/\/cusquices.com\/quem-vai-sair-fas-do-secret-story-nao-tem-duvidas-e-apontam-quem-querem-expulso-este-domingo-2-de-novembro\/&amp;t=Quem vai sair? F\u00e3s do Secret Story n\u00e3o t\u00eam d\u00favidas e apontam quem querem expulso este domingo [2 de novembro]', 'facebookShare', 'width=626,height=436'); return false;\" title=\"Share on Facebook\"><\/p>\n<p>Share<\/p>\n<p><\/a><br \/>\n\t\t\t\t\t\t\t\t\t\t\t\t<a href=\"#\" onclick=\"window.open('http:\/\/twitter.com\/share?text=Quem vai sair? F\u00e3s do Secret Story n\u00e3o t\u00eam d\u00favidas e apontam quem querem expulso este domingo [2 de novembro] -&amp;url=https:\/\/cusquices.com\/quem-vai-sair-fas-do-secret-story-nao-tem-duvidas-e-apontam-quem-querem-expulso-este-domingo-2-de-novembro\/', 'twitterShare', 'width=626,height=436'); return false;\" title=\"Tweet This Post\"><\/p>\n<p>Tweet<\/p>\n<p><\/a><br \/>\n\t\t\t\t\t\t\t\t\t\t\t\t<a href=\"whatsapp:\/\/send?text=Quem vai sair? F\u00e3s do Secret Story n\u00e3o t\u00eam d\u00favidas e apontam quem querem expulso este domingo [2 de novembro] https:\/\/cusquices.com\/quem-vai-sair-fas-do-secret-story-nao-tem-duvidas-e-apontam-quem-querem-expulso-este-domingo-2-de-novembro\/\" rel=\"nofollow\"><\/p>\n<p>Share<\/p>\n<p><\/a><br \/>\n\t\t\t\t\t\t\t\t\t\t\t\t<a href=\"#\" onclick=\"window.open('http:\/\/pinterest.com\/pin\/create\/button\/?url=https:\/\/cusquices.com\/quem-vai-sair-fas-do-secret-story-nao-tem-duvidas-e-apontam-quem-querem-expulso-este-domingo-2-de-novembro\/&amp;media=https:\/\/cusquices.com\/wp-content\/uploads\/2025\/11\/nomeadosss7-1000x600.jpg&amp;description=Quem vai sair? F\u00e3s do Secret Story n\u00e3o t\u00eam d\u00favidas e apontam quem querem expulso este domingo [2 de novembro]', 'pinterestShare', 'width=750,height=350'); return false;\" title=\"Pin This Post\"><\/p>\n<p>Share<\/p>\n<p><\/a><br \/>\n\t\t\t\t\t\t\t\t\t\t\t\t<a href=\"mailto:?subject=Quem vai sair? F\u00e3s do Secret Story n\u00e3o t\u00eam d\u00favidas e apontam quem querem expulso este domingo [2 de novembro]&amp;BODY=I found this article interesting and thought of sharing it with you. Check it out: https:\/\/cusquices.com\/quem-vai-sair-fas-do-secret-story-nao-tem-duvidas-e-apontam-quem-querem-expulso-este-domingo-2-de-novembro\/\"><\/p>\n<p>Email<\/p>\n<p><\/a><br \/>\n\t\t\t\t\t\t\t\t\t\t\t\t\t\t\t\t\t\t\t\t\t\t\t\t\t\t\t\t\t\t\t\t\t\t\t\t\t\t\t\t\t\t\t\t\t\t\t\t\t\t\t\t\t<a href=\"https:\/\/cusquices.com\/quem-vai-sair-fas-do-secret-story-nao-tem-duvidas-e-apontam-quem-querem-expulso-este-domingo-2-de-novembro\/#respond\" rel=\"nofollow noopener\" target=\"_blank\"><\/p>\n<p>F\u00e3s do Secret Story n\u00e3o t\u00eam d\u00favidas e apontam quem querem ver fora da casa mais vigiada do pa\u00eds.<\/p>\n<p>Este domingo, 2 de novembro,<strong> Cristina Ferreira<\/strong> conduz mais uma gala do Secret Story. A noite ser\u00e1 de expuls\u00e3o e a VOZ vai voltar a abrir as suas portas para a sa\u00edda de mais um concorrente. Em riso esta semana temos: <strong>Ana, Bruno, Mariana, Marisa, Marisa Susana e Pedro Jorge<\/strong>.<\/p>\n<p>A TVI j\u00e1 questionou os f\u00e3s do reality show \u2013 <strong>\u2018Quem vai sair?\u2019<\/strong> \u2013 a rea\u00e7\u00f5es n\u00e3o tardaram e os f\u00e3s n\u00e3o t\u00eam d\u00favidas sobre quem querem ver fora da casa mais vigiada do pa\u00eds. Bruno \u00e9 o nome mais mencionado, apesar de muitos n\u00e3o acreditarem que ser\u00e1 o ex-futebolista a abandonar o jogo.<\/p>\n<p>\u201c<strong>Ser\u00e1 desta que a fam\u00edlia do Bruno se deixa de endividar?\u201d, \u201cQue seja o Bruno uma vez por todas\u201d, \u201cInfelizmente vai sair Mariana, mas gostava que fosse o Bruno.\u201d, \u201cPodia sair o Bruno j\u00e1 este domingo\u201d, \u201cSer\u00e1 desta que o Bruno sai?\u00a0\u201c, \u201cDevia sair o Bruno, se ficar mais tempo corre o risco de sair muito queimado, o rastilho est\u00e1 bem acesso.\u201d, \u201cTem de sair o Bruno.\u201d, \u201cPor justi\u00e7a, sairia o Bruno, pela produ\u00e7\u00e3o, vai sair a Mariana\u201d, Bruno. Ali\u00e1s porque \u00e9 que n\u00e3o foi expulso. Vergonha de ser de Cascais.\u201d,<\/strong> s\u00e3o apenas algumas das rea\u00e7\u00f5es.<\/p>\n<blockquote class=\"instagram-media\" data-instgrm-captioned=\"\" data-instgrm-permalink=\"https:\/\/www.instagram.com\/p\/DQhfPksjJRe\/?utm_source=ig_embed&amp;utm_campaign=loading\" data-instgrm-version=\"14\" style=\" background:#FFF; border:0; border-radius:3px; box-shadow:0 0 1px 0 rgba(0,0,0,0.5),0 1px 10px 0 rgba(0,0,0,0.15); margin: 1px; max-width:540px; min-width:326px; padding:0; width:99.375%; width:-webkit-calc(100% - 2px); width:calc(100% - 2px);\"\/>\n<p><strong>Leia tamb\u00e9m:<\/strong><\/p>\n<p>\t\t\t\t\t\t\t\t\t\t\t\t\t\t\t\t\t\t\t\t\t\t\t\t\t<img decoding=\"async\" src=\"https:\/\/www.europesays.com\/pt\/wp-content\/uploads\/2025\/10\/cusquices-logo-52x.png\" class=\"webpexpress-processed\"\/><\/p>\n<p>\t\t\t\t\t\t\t\t\t\t\t\t\t\t\t\t\t\t\t\t\t            \t\t\t\t\t\t\t\t\t\t\t\t\t\t\t\t\t\t\t\t\t\t\t\t\t\t\t\t\t\t\t\t\t\t\t\t\t\t\t<script async src=\"https:\/\/platform.twitter.com\/widgets.js\" charset=\"utf-8\"><\/script><script async src=\"\/\/www.instagram.com\/embed.js\"><\/script><\/p>\n","protected":false},"excerpt":{"rendered":"Share Tweet Share Share Email F\u00e3s do Secret Story n\u00e3o t\u00eam d\u00favidas e apontam quem querem ver fora&hellip;\n","protected":false},"author":2,"featured_media":136699,"comment_status":"","ping_status":"","sticky":false,"template":"","format":"standard","meta":{"footnotes":""},"categories":[8],"tags":[27,28,2632,49,15,16,14,25,26,21,22,12,13,19,20,32,23,24,33,17,18,29,30,31],"class_list":{"0":"post-136698","1":"post","2":"type-post","3":"status-publish","4":"format-standard","5":"has-post-thumbnail","7":"category-principais-noticias","8":"tag-breaking-news","9":"tag-breakingnews","10":"tag-casa-dos-segredos","11":"tag-destaques","12":"tag-featured-news","13":"tag-featurednews","14":"tag-headlines","15":"tag-latest-news","16":"tag-latestnews","17":"tag-main-news","18":"tag-mainnews","19":"tag-news","20":"tag-noticias","21":"tag-noticias-principais","22":"tag-noticiasprincipais","23":"tag-portugal","24":"tag-principais-noticias","25":"tag-principaisnoticias","26":"tag-pt","27":"tag-top-stories","28":"tag-topstories","29":"tag-ultimas","30":"tag-ultimas-noticias","31":"tag-ultimasnoticias"},"share_on_mastodon":{"url":"https:\/\/pubeurope.com\/@pt\/115480929658415549","error":""},"_links":{"self":[{"href":"https:\/\/www.europesays.com\/pt\/wp-json\/wp\/v2\/posts\/136698","targetHints":{"allow":["GET"]}}],"collection":[{"href":"https:\/\/www.europesays.com\/pt\/wp-json\/wp\/v2\/posts"}],"about":[{"href":"https:\/\/www.europesays.com\/pt\/wp-json\/wp\/v2\/types\/post"}],"author":[{"embeddable":true,"href":"https:\/\/www.europesays.com\/pt\/wp-json\/wp\/v2\/users\/2"}],"replies":[{"embeddable":true,"href":"https:\/\/www.europesays.com\/pt\/wp-json\/wp\/v2\/comments?post=136698"}],"version-history":[{"count":0,"href":"https:\/\/www.europesays.com\/pt\/wp-json\/wp\/v2\/posts\/136698\/revisions"}],"wp:featuredmedia":[{"embeddable":true,"href":"https:\/\/www.europesays.com\/pt\/wp-json\/wp\/v2\/media\/136699"}],"wp:attachment":[{"href":"https:\/\/www.europesays.com\/pt\/wp-json\/wp\/v2\/media?parent=136698"}],"wp:term":[{"taxonomy":"category","embeddable":true,"href":"https:\/\/www.europesays.com\/pt\/wp-json\/wp\/v2\/categories?post=136698"},{"taxonomy":"post_tag","embeddable":true,"href":"https:\/\/www.europesays.com\/pt\/wp-json\/wp\/v2\/tags?post=136698"}],"curies":[{"name":"wp","href":"https:\/\/api.w.org\/{rel}","templated":true}]}}