{"id":136717,"date":"2025-11-02T16:12:12","date_gmt":"2025-11-02T16:12:12","guid":{"rendered":"https:\/\/www.europesays.com\/pt\/136717\/"},"modified":"2025-11-02T16:12:12","modified_gmt":"2025-11-02T16:12:12","slug":"filho-de-carla-perez-e-xanddy-estreia-como-fisiculturista-nos-estados-unidos-celebridades","status":"publish","type":"post","link":"https:\/\/www.europesays.com\/pt\/136717\/","title":{"rendered":"Filho de Carla Perez e Xanddy estreia como fisiculturista nos Estados Unidos | Celebridades"},"content":{"rendered":"<p>                                        Victor Alexandre com todos os pr\u00eamios que ganhou &#8211; Reprodu\u00e7\u00e3o \/ Instagram<\/p>\n<p class=\"content-media__description\">Victor Alexandre com todos os pr\u00eamios que ganhouReprodu\u00e7\u00e3o \/ Instagram<\/p>\n<p>                            Publicado 02\/11\/2025 10:48\n                    <\/p>\n<p>Rio &#8211; O filho de Carla Perez e Xanddy, Victor Alexandre, de 22 anos, estreou como fisiculturista em uma competi\u00e7\u00e3o na Fl\u00f3rida, Estados Unidos, neste s\u00e1bado (1\u00ba). Atrav\u00e9s do Instagram, o atleta posou ao lado da noiva, Jarline Batista, e celebrou os sete pr\u00eamios que ganhou.<\/p>\n<p>&#8220;\u00c9 com muita alegria que divulgo os resultados do evento. Foram 6 categorias disputadas no NPC All South Championships 2025, e cada uma delas trouxe um motivo para comemorar: Overall True Novice Men\u2019s Physique \u2013 1\u00ba lugar geral; True Novice B Men\u2019s Physique \u2013 1\u00ba lugar; True Novice B Classic Physique \u2013 1\u00ba lugar; Open F Men\u2019s Physique \u2013 1\u00ba lugar; Junior Men\u2019s Physique \u2013 1\u00ba lugar; Junior Classic Physique \u2013 2\u00ba lugar e\u00a0Open D Classic Physique \u2013 3\u00ba lugar&#8221;.<\/p>\n<p>&#8220;Foram apenas 15 dias de prepara\u00e7\u00e3o, disciplina e foco absoluto. Cada treino, cada refei\u00e7\u00e3o e cada escolha valeram a pena. Hoje, o sentimento \u00e9 de gratid\u00e3o a Deus, \u00e0 minha fam\u00edlia, minha noiva que aprovou e esteve comigo nessa rotina surreal e a todos voc\u00eas que acompanharam e me apoiaram nessa jornada&#8221;.<\/p>\n<p>Por fim, deu dica aos seguidores: Se tem uma li\u00e7\u00e3o que fica, \u00e9 essa: d\u00ea o seu melhor em tudo o que fizer. O esfor\u00e7o sempre traz recompensa&#8221;. Os pais do atleta e a irm\u00e3, Camilly Victoria, tamb\u00e9m fizeram postagens em apoio ao ca\u00e7ula.<\/p>\n<p>Assista:<\/p>\n<p>\u00a0<\/p>\n","protected":false},"excerpt":{"rendered":"Victor Alexandre com todos os pr\u00eamios que ganhou &#8211; Reprodu\u00e7\u00e3o \/ Instagram Victor Alexandre com todos os pr\u00eamios&hellip;\n","protected":false},"author":2,"featured_media":136718,"comment_status":"","ping_status":"","sticky":false,"template":"","format":"standard","meta":{"footnotes":""},"categories":[145],"tags":[16781,211,210,114,115,3435,30667,32,33,16782],"class_list":{"0":"post-136717","1":"post","2":"type-post","3":"status-publish","4":"format-standard","5":"has-post-thumbnail","7":"category-celebridades","8":"tag-carla-perez","9":"tag-celebridades","10":"tag-celebrities","11":"tag-entertainment","12":"tag-entretenimento","13":"tag-filho","14":"tag-fisiculturismo","15":"tag-portugal","16":"tag-pt","17":"tag-xanddy"},"share_on_mastodon":{"url":"https:\/\/pubeurope.com\/@pt\/115480988397455655","error":""},"_links":{"self":[{"href":"https:\/\/www.europesays.com\/pt\/wp-json\/wp\/v2\/posts\/136717","targetHints":{"allow":["GET"]}}],"collection":[{"href":"https:\/\/www.europesays.com\/pt\/wp-json\/wp\/v2\/posts"}],"about":[{"href":"https:\/\/www.europesays.com\/pt\/wp-json\/wp\/v2\/types\/post"}],"author":[{"embeddable":true,"href":"https:\/\/www.europesays.com\/pt\/wp-json\/wp\/v2\/users\/2"}],"replies":[{"embeddable":true,"href":"https:\/\/www.europesays.com\/pt\/wp-json\/wp\/v2\/comments?post=136717"}],"version-history":[{"count":0,"href":"https:\/\/www.europesays.com\/pt\/wp-json\/wp\/v2\/posts\/136717\/revisions"}],"wp:featuredmedia":[{"embeddable":true,"href":"https:\/\/www.europesays.com\/pt\/wp-json\/wp\/v2\/media\/136718"}],"wp:attachment":[{"href":"https:\/\/www.europesays.com\/pt\/wp-json\/wp\/v2\/media?parent=136717"}],"wp:term":[{"taxonomy":"category","embeddable":true,"href":"https:\/\/www.europesays.com\/pt\/wp-json\/wp\/v2\/categories?post=136717"},{"taxonomy":"post_tag","embeddable":true,"href":"https:\/\/www.europesays.com\/pt\/wp-json\/wp\/v2\/tags?post=136717"}],"curies":[{"name":"wp","href":"https:\/\/api.w.org\/{rel}","templated":true}]}}