{"id":136719,"date":"2025-11-02T16:15:21","date_gmt":"2025-11-02T16:15:21","guid":{"rendered":"https:\/\/www.europesays.com\/pt\/136719\/"},"modified":"2025-11-02T16:15:21","modified_gmt":"2025-11-02T16:15:21","slug":"a-fazenda-no-ringue-campeao-sacha-bali-desafia-lucas-selfie-para-luta-de-boxe-record","status":"publish","type":"post","link":"https:\/\/www.europesays.com\/pt\/136719\/","title":{"rendered":"A Fazenda no ringue! Campe\u00e3o Sacha Bali desafia Lucas Selfie para luta de boxe \u2013 Record"},"content":{"rendered":"<p><img decoding=\"async\" data-chromatic=\"ignore\" alt=\"\" class=\"c-image\" loading=\"lazy\" src=\"https:\/\/www.europesays.com\/pt\/wp-content\/uploads\/2025\/11\/DI3LDM3JPZBBLHNH4NTB2MBONE.png\"  width=\"2116\" height=\"1153\"\/>Sacha Bali quer lutar contra Lucas Selfie Reprodu\u00e7\u00e3o\/Instagram <\/p>\n<p class=\"jarvics:base-text-neutral-high-400 base-text-[calc(theme(fontSize.xs)_*_var(--font-size,_1))] base-font-normal base-font-primary base-text-neutral-low-500 base-text-left\">Por essa ningu\u00e9m esperava! Depois de derrotar Davi Brito no ringue do Fight Music Show, o campe\u00e3o da 17\u00aa edi\u00e7\u00e3o de <a href=\"https:\/\/record.r7.com\/a-fazenda\/a-fazenda-17\/\" target=\"_self\" rel=\"nofollow noopener\" title=\"https:\/\/record.r7.com\/a-fazenda\/a-fazenda-17\/\"><b>A Fazenda<\/b><\/a>, Sacha Bali, desafiou Lucas Selfie para um confronto s\u00f3 de ex-pe\u00f5es no ringue. Ser\u00e1 que o apresentador aceitou?<\/p>\n<ul class=\"b-article-body__list-unordered\">\n<li><b>Quer ficar por dentro de tudo que est\u00e1 acontecendo em\u00a0<\/b><b>A Fazenda 17<\/b><b>?\u00a0<\/b><a href=\"https:\/\/www.whatsapp.com\/channel\/0029Va2cJIR1noz2ahzX0D1N\" rel=\"nofollow noopener\" title=\"https:\/\/www.whatsapp.com\/channel\/0029Va2cJIR1noz2ahzX0D1N\" target=\"_blank\"><b>Clique aqui<\/b><\/a><b>\u00a0e fa\u00e7a parte do nosso canal no WhatsApp!<\/b><\/li>\n<\/ul>\n<p class=\"jarvics:base-text-neutral-high-400 base-text-[calc(theme(fontSize.xs)_*_var(--font-size,_1))] base-font-normal base-font-primary base-text-neutral-low-500 base-text-left\">Selfie entrevistou o campe\u00e3o logo ap\u00f3s a vit\u00f3ria, e comentou que as lutas viciam! Sacha brincou sobre o apresentador n\u00e3o acreditar que ele derrotaria Davi, e Lucas aproveitou para perguntar quem ser\u00e1 a pr\u00f3xima v\u00edtima. Sem pestanejar, Sacha apontou: \u201cVoc\u00ea, meu irm\u00e3o! Vamos?\u201d<\/p>\n<p class=\"jarvics:base-text-neutral-high-400 base-text-[calc(theme(fontSize.xs)_*_var(--font-size,_1))] base-font-normal base-font-primary base-text-neutral-low-500 base-text-left\">O apresentador prometeu que revela a resposta no Selfie Service desta segunda (3), ser\u00e1 que vem a\u00ed mais um epis\u00f3dio divertido de A Fazenda no FMS?<\/p>\n<p><b>Se liga:<\/b><\/p>\n<p class=\"jarvics:base-text-neutral-high-400 base-text-[calc(theme(fontSize.xs)_*_var(--font-size,_1))] base-font-normal base-font-primary base-text-neutral-low-500 base-text-left\">Fique ligado! <a href=\"https:\/\/record.r7.com\/a-fazenda\/a-fazenda-17\/\" rel=\"nofollow noopener\" title=\"https:\/\/record.r7.com\/a-fazenda\/a-fazenda-17\/\" target=\"_blank\"><b>A Fazenda 17<\/b><\/a> vai ao ar de segunda a domingo, \u00e0s 22h30, na tela da <a href=\"https:\/\/record.r7.com\/\" rel=\"nofollow noopener\" target=\"_blank\"><b>RECORD<\/b><\/a>. Assine o <a href=\"https:\/\/www.recordplus.com\/home\" rel=\"nofollow noopener\" title=\"https:\/\/www.recordplus.com\/home\" target=\"_blank\"><b>RecordPlus<\/b><\/a> e tenha acesso \u00e0s c\u00e2meras 24 horas.<\/p>\n<p><b>S\u00f3 sucessos! Descubra os hits da playlist que mais toca em A Fazenda 17<\/b><\/p>\n<p class=\"jarvics:base-text-neutral-high-400 base-text-[calc(theme(fontSize.xxs)_*_var(--font-size,_1))] base-font-semibold base-font-primary base-text-neutral-low-500 base-text-left\">Al\u00e9m de armar barracos di\u00e1rios, os pe\u00f5es de A Fazenda 17 tamb\u00e9m d\u00e3o verdadeiros shows quando soltam a voz! Entre um xingamento e outro, \u00e9 poss\u00edvel ouvir uma playlist de respeito no dia a dia da sede. Se liga nas mais tocadas!<\/p>\n","protected":false},"excerpt":{"rendered":"Sacha Bali quer lutar contra Lucas Selfie Reprodu\u00e7\u00e3o\/Instagram Por essa ningu\u00e9m esperava! Depois de derrotar Davi Brito no&hellip;\n","protected":false},"author":2,"featured_media":136720,"comment_status":"","ping_status":"","sticky":false,"template":"","format":"standard","meta":{"footnotes":""},"categories":[142],"tags":[657,114,115,16778,32,33,151],"class_list":{"0":"post-136719","1":"post","2":"type-post","3":"status-publish","4":"format-standard","5":"has-post-thumbnail","7":"category-tv","8":"tag-a-fazenda","9":"tag-entertainment","10":"tag-entretenimento","11":"tag-lucas-selfie","12":"tag-portugal","13":"tag-pt","14":"tag-tv"},"share_on_mastodon":{"url":"https:\/\/pubeurope.com\/@pt\/115481000817879090","error":""},"_links":{"self":[{"href":"https:\/\/www.europesays.com\/pt\/wp-json\/wp\/v2\/posts\/136719","targetHints":{"allow":["GET"]}}],"collection":[{"href":"https:\/\/www.europesays.com\/pt\/wp-json\/wp\/v2\/posts"}],"about":[{"href":"https:\/\/www.europesays.com\/pt\/wp-json\/wp\/v2\/types\/post"}],"author":[{"embeddable":true,"href":"https:\/\/www.europesays.com\/pt\/wp-json\/wp\/v2\/users\/2"}],"replies":[{"embeddable":true,"href":"https:\/\/www.europesays.com\/pt\/wp-json\/wp\/v2\/comments?post=136719"}],"version-history":[{"count":0,"href":"https:\/\/www.europesays.com\/pt\/wp-json\/wp\/v2\/posts\/136719\/revisions"}],"wp:featuredmedia":[{"embeddable":true,"href":"https:\/\/www.europesays.com\/pt\/wp-json\/wp\/v2\/media\/136720"}],"wp:attachment":[{"href":"https:\/\/www.europesays.com\/pt\/wp-json\/wp\/v2\/media?parent=136719"}],"wp:term":[{"taxonomy":"category","embeddable":true,"href":"https:\/\/www.europesays.com\/pt\/wp-json\/wp\/v2\/categories?post=136719"},{"taxonomy":"post_tag","embeddable":true,"href":"https:\/\/www.europesays.com\/pt\/wp-json\/wp\/v2\/tags?post=136719"}],"curies":[{"name":"wp","href":"https:\/\/api.w.org\/{rel}","templated":true}]}}