{"id":136725,"date":"2025-11-02T16:20:34","date_gmt":"2025-11-02T16:20:34","guid":{"rendered":"https:\/\/www.europesays.com\/pt\/136725\/"},"modified":"2025-11-02T16:20:34","modified_gmt":"2025-11-02T16:20:34","slug":"nao-foi-por-nenhuma-infidelidade-lamine-yamal-e-nicki-nicole-terminam-relacao","status":"publish","type":"post","link":"https:\/\/www.europesays.com\/pt\/136725\/","title":{"rendered":"&#8220;N\u00e3o foi por nenhuma infidelidade&#8221;. Lamine Yamal e Nicki Nicole terminam rela\u00e7\u00e3o"},"content":{"rendered":"<p data-remotead-prev-elm=\"true\" data-remotead-elm-id=\"inread\">Lamine Yamal e Nicki Nicole j\u00e1 n\u00e3o s\u00e3o um casal. A confirma\u00e7\u00e3o foi feita pelo pr\u00f3prio avan\u00e7ado do Barcelona, em conversa com o jornalista Javi Hoyos, para o programa &#8216;D Coraz\u00f3n&#8217;. &#8220;J\u00e1 n\u00e3o estamos mais juntos&#8221;, afirmou o jogador, sem deixar d\u00favidas sobre o fim da rela\u00e7\u00e3o.<\/p>\n<p>O jovem de 18 anos aproveitou ainda para esclarecer especula\u00e7\u00f5es que surgiram nas redes sociais e na imprensa. &#8220;N\u00e3o foi por causa de nenhuma infidelidade. Simplesmente estamos separados, e \u00e9 s\u00f3 isso. Tudo o que est\u00e1 a ser divulgado n\u00e3o tem nada a ver com a nossa rela\u00e7\u00e3o&#8221;, garantiu.<\/p>\n<p>O casal estava no centro das aten\u00e7\u00f5es h\u00e1 meses, com publica\u00e7\u00f5es nas redes sociais e apari\u00e7\u00f5es p\u00fablicas que alimentavam rumores sobre o futuro da rela\u00e7\u00e3o. Ap\u00f3s a viagem de Lamine Yamal a Mil\u00e3o, surgiram acusa\u00e7\u00f5es de uma suposta infidelidade, prontamente negadas pelo jogador: &#8220;N\u00e3o fui infiel nem estive com mais ningu\u00e9m&#8221;.<\/p>\n<p data-remotead-prev-elm=\"true\" data-remotead-elm-id=\"centro1\">A separa\u00e7\u00e3o surge poucos dias depois de se saber que Lamine Yamal vai adquirir a antiga casa de Shakira e Gerard Piqu\u00e9, situada nos arredores da Cidade Condal. A propriedade fica a minutos do centro de treinos do Barcelona e perto das casas de colegas como Alejandro Balde e Ronald Ara\u00fajo.<\/p>\n<p>Segundo a imprensa internacional, a aquisi\u00e7\u00e3o responde a exig\u00eancias de seguran\u00e7a do jovem futebolista, cuja equipa de gest\u00e3o acompanha o processo h\u00e1 tr\u00eas ou quatro meses.<\/p>\n<p><img decoding=\"async\" class=\"ngx-body\" guid=\"5fd2b19a-ea1f-4842-86f0-dd2662e974bc\" src=\"https:\/\/www.europesays.com\/pt\/wp-content\/uploads\/2025\/11\/1762100434_806_image.jpg\" width=\"100%\"\/>Nicki Nicole num dos \u00faltimos jogos do Barcelona (Foto: Alejandro Garcia\/EPA)<\/p>\n<p>Recorde-se que, h\u00e1 cerca de uma semana, Nicki Nicole esteve em Espanha para apoiar Lamine Yamal. A rapper esteve no Est\u00e1dio Ol\u00edmpico Llu\u00eds Companys a assistir ao jogo do Barcelona contra o Olympiacos, vestida com a camisola do clube.<\/p>\n","protected":false},"excerpt":{"rendered":"Lamine Yamal e Nicki Nicole j\u00e1 n\u00e3o s\u00e3o um casal. A confirma\u00e7\u00e3o foi feita pelo pr\u00f3prio avan\u00e7ado do&hellip;\n","protected":false},"author":2,"featured_media":136726,"comment_status":"","ping_status":"","sticky":false,"template":"","format":"standard","meta":{"footnotes":""},"categories":[85],"tags":[1235,114,115,524,7912,18506,712,32,33,1509],"class_list":{"0":"post-136725","1":"post","2":"type-post","3":"status-publish","4":"format-standard","5":"has-post-thumbnail","7":"category-entretenimento","8":"tag-barcelona","9":"tag-entertainment","10":"tag-entretenimento","11":"tag-futebol","12":"tag-lamine-yamal","13":"tag-nicki-nicole","14":"tag-pessoas","15":"tag-portugal","16":"tag-pt","17":"tag-separacao"},"share_on_mastodon":{"url":"https:\/\/pubeurope.com\/@pt\/115481020261995472","error":""},"_links":{"self":[{"href":"https:\/\/www.europesays.com\/pt\/wp-json\/wp\/v2\/posts\/136725","targetHints":{"allow":["GET"]}}],"collection":[{"href":"https:\/\/www.europesays.com\/pt\/wp-json\/wp\/v2\/posts"}],"about":[{"href":"https:\/\/www.europesays.com\/pt\/wp-json\/wp\/v2\/types\/post"}],"author":[{"embeddable":true,"href":"https:\/\/www.europesays.com\/pt\/wp-json\/wp\/v2\/users\/2"}],"replies":[{"embeddable":true,"href":"https:\/\/www.europesays.com\/pt\/wp-json\/wp\/v2\/comments?post=136725"}],"version-history":[{"count":0,"href":"https:\/\/www.europesays.com\/pt\/wp-json\/wp\/v2\/posts\/136725\/revisions"}],"wp:featuredmedia":[{"embeddable":true,"href":"https:\/\/www.europesays.com\/pt\/wp-json\/wp\/v2\/media\/136726"}],"wp:attachment":[{"href":"https:\/\/www.europesays.com\/pt\/wp-json\/wp\/v2\/media?parent=136725"}],"wp:term":[{"taxonomy":"category","embeddable":true,"href":"https:\/\/www.europesays.com\/pt\/wp-json\/wp\/v2\/categories?post=136725"},{"taxonomy":"post_tag","embeddable":true,"href":"https:\/\/www.europesays.com\/pt\/wp-json\/wp\/v2\/tags?post=136725"}],"curies":[{"name":"wp","href":"https:\/\/api.w.org\/{rel}","templated":true}]}}