{"id":13678,"date":"2025-08-03T01:38:19","date_gmt":"2025-08-03T01:38:19","guid":{"rendered":"https:\/\/www.europesays.com\/pt\/13678\/"},"modified":"2025-08-03T01:38:19","modified_gmt":"2025-08-03T01:38:19","slug":"wrc-rali-da-finlandia-pec18-rovanpera-vence-e-termina-o-dia-com-36-segundos-de-vantagem","status":"publish","type":"post","link":"https:\/\/www.europesays.com\/pt\/13678\/","title":{"rendered":"WRC, Rali da Finl\u00e2ndia\/PEC18: Rovanper\u00e4 vence e termina o dia com 36 segundos de vantagem"},"content":{"rendered":"<p>Kalle Rovanper\u00e4 \u2013 Jonne Halttunen (Toyota GR Yaris Rally1) foram os vencedores da PEC 18, segunda passagem por Leustu. A dupla da Toyota que tem liderado este rali e aumentado a margem para a concorr\u00eancia, tem agora 36 segundos da vantagem, quando faltam apenas duas especiais para o fim da prova.<\/p>\n<p>Rovanper\u00e4  venceu a PEC 18 deixando Takamoto Katsuta \u2013 Aaron Johnston (Toyota GR Yaris Rally1) a 1,5 segundos e Thierry Neuville \u2013 Martijn Wydaeghe (Hyundai i20 N Rally1) a 1,6. Elfyn Evans \u2013 Scott Martin (Toyota GR Yaris Rally1) fizeram o quarto melhor tempo, \u00e0 frente de S\u00e9bastien Ogier \u2013 Vincent Landais (Toyota GR Yaris Rally1). <\/p>\n<p>Nas contas da geral, Rovanper\u00e4  tem uma excelente margem para Katsuta. O japon\u00eas est\u00e1 a 36,1 segundos da lideran\u00e7a, mas amanh\u00e3 dever\u00e1 estar mais preocupado em defender o segundo posto com Ogier a apenas 6,8 do japon\u00eas. Evans tamb\u00e9m tem uma palavra a dizer nas contas do p\u00f3dio, com apens 1,5 segundos de atraso para Ogier, com a dist\u00e2ncia entre os dois homens da Toyota a encurtar a cada especial. Sami Pajari \u2013 Marko Salminen (Toyota GR Yaris Rally1) mant\u00eam o quinto posto, \u00e0 frente de Neuville que depois do azar da PEC 16 pouco mais tem a fazer. Adrien Fourmaux \u2013 Alexandre Coria (Hyundai i20 N Rally1), tamb\u00e9m v\u00edtimas de furo PEC 16, est\u00e3o na s\u00e9tima posi\u00e7\u00e3o, \u00e0 frente de Josh McErlean \u2013 Eoin Treacy (Ford Puma Rally1), Gr\u00e9goire Munster \u2013 Louis Louka (Ford Puma Rally1) e M\u0101rti\u0146\u0161 Sesks \u2013 Ren\u0101rs Francis (Ford Puma Rally1).<\/p>\n<p>Para amanh\u00e3, uma dupla passagem pelo tro\u00e7o de Ouninpohja (23,98km). A vit\u00f3ria neste rali parece estar decidida, mas o p\u00f3dio ainda pode ver muitas altera\u00e7\u00f5es e as lutas v\u00e3o ser renhidas. <\/p>\n<p><img loading=\"lazy\" decoding=\"async\" width=\"1513\" height=\"732\" data-lazy-type=\"image\" src=\"https:\/\/www.europesays.com\/pt\/wp-content\/uploads\/2025\/08\/pec-18-finlandia.png\" alt=\"\" class=\"lazy lazy-hidden wp-image-723120\"\/><\/p>\n","protected":false},"excerpt":{"rendered":"Kalle Rovanper\u00e4 \u2013 Jonne Halttunen (Toyota GR Yaris Rally1) foram os vencedores da PEC 18, segunda passagem por&hellip;\n","protected":false},"author":2,"featured_media":13679,"comment_status":"","ping_status":"","sticky":false,"template":"","format":"standard","meta":{"footnotes":""},"categories":[87],"tags":[135,5588,32,33,5589,5278,134,2701],"class_list":{"0":"post-13678","1":"post","2":"type-post","3":"status-publish","4":"format-standard","5":"has-post-thumbnail","7":"category-desporto","8":"tag-desporto","9":"tag-kalle-rovanpera","10":"tag-portugal","11":"tag-pt","12":"tag-rali-da-finlandia","13":"tag-ralis","14":"tag-sports","15":"tag-wrc"},"share_on_mastodon":{"url":"","error":""},"_links":{"self":[{"href":"https:\/\/www.europesays.com\/pt\/wp-json\/wp\/v2\/posts\/13678","targetHints":{"allow":["GET"]}}],"collection":[{"href":"https:\/\/www.europesays.com\/pt\/wp-json\/wp\/v2\/posts"}],"about":[{"href":"https:\/\/www.europesays.com\/pt\/wp-json\/wp\/v2\/types\/post"}],"author":[{"embeddable":true,"href":"https:\/\/www.europesays.com\/pt\/wp-json\/wp\/v2\/users\/2"}],"replies":[{"embeddable":true,"href":"https:\/\/www.europesays.com\/pt\/wp-json\/wp\/v2\/comments?post=13678"}],"version-history":[{"count":0,"href":"https:\/\/www.europesays.com\/pt\/wp-json\/wp\/v2\/posts\/13678\/revisions"}],"wp:featuredmedia":[{"embeddable":true,"href":"https:\/\/www.europesays.com\/pt\/wp-json\/wp\/v2\/media\/13679"}],"wp:attachment":[{"href":"https:\/\/www.europesays.com\/pt\/wp-json\/wp\/v2\/media?parent=13678"}],"wp:term":[{"taxonomy":"category","embeddable":true,"href":"https:\/\/www.europesays.com\/pt\/wp-json\/wp\/v2\/categories?post=13678"},{"taxonomy":"post_tag","embeddable":true,"href":"https:\/\/www.europesays.com\/pt\/wp-json\/wp\/v2\/tags?post=13678"}],"curies":[{"name":"wp","href":"https:\/\/api.w.org\/{rel}","templated":true}]}}